{"id":89207,"date":"2016-06-29T10:09:26","date_gmt":"2016-06-29T13:09:26","guid":{"rendered":"http:\/\/www.redenoticia.com.br\/noticia\/?p=89207"},"modified":"2016-06-28T21:11:54","modified_gmt":"2016-06-29T00:11:54","slug":"ipea-diz-que-crise-economica-comeca-a-perder-folego","status":"publish","type":"post","link":"https:\/\/www.redenoticia.com.br\/noticia\/2016\/ipea-diz-que-crise-economica-comeca-a-perder-folego\/89207","title":{"rendered":"Ipea diz que crise econ\u00f4mica come\u00e7a a perder f\u00f4lego"},"content":{"rendered":"<p> Levatamento divulgado pelo Instituto de Pesquisa Econ\u00f4mica Aplicada (Ipea) diz que a <strong><em>crise econ\u00f4mica<\/em><\/strong> que atinge o pa\u00eds come\u00e7a a perder f\u00f4lego. Apesar disso, ainda h\u00e1 um longo caminho para a recupera\u00e7\u00e3o do pa\u00eds, de acordo com o coordenador do Grupo de Conjuntura do Ipea, Jos\u00e9 Ronaldo Souza J\u00fanior. Os dados constam na Carta de Conjuntura, que avalia dados econ\u00f4micos divulgados pelo Instituto Brasileiro de Geografia e Estat\u00edstica (IBGE).<\/p>\n<p>Segundo o Ipea, os sinais de que a crise est\u00e1 perdendo f\u00f4lego podem ser percebidos principalmente na ind\u00fastria nacional. Al\u00e9m disso, a desvaloriza\u00e7\u00e3o do real ante o d\u00f3lar, de acordo com o Ipea, beneficia o setor exportador brasileiro, principalmente nos segmentos t\u00eaxtil, madeireiro e de cal\u00e7ados.<\/p>\n<p> Al\u00e9m de aumentar a competitividade brasileira no setor externo, a desvaloriza\u00e7\u00e3o do real tamb\u00e9m est\u00e1 estimulando a substitui\u00e7\u00e3o de importa\u00e7\u00e3o na produ\u00e7\u00e3o de alguns bens intermedi\u00e1rios, ou seja, nos insumos usados pelo setor produtivo.<\/p>\n<p>Por outro lado, no entanto, a moeda nacional desvalorizada torna a importa\u00e7\u00e3o de m\u00e1quinas e equipamentos mais cara, prejudicando investimentos no setor produtivo.<\/p>\n<p>Diferentemente da ind\u00fastria, os setores de servi\u00e7os e com\u00e9rcio ainda est\u00e3o em retra\u00e7\u00e3o. \u201cOs servi\u00e7os tendem a levar um tempo maior para se recuperar porque depende muito da renda dos consumidores e essa renda vai demorar a se recuperar por conta da quest\u00e3o do emprego\u201d, disse Souza J\u00fanior.<\/p>\n<p>A renda e o aumento de desemprego t\u00eam prejudicado a recupera\u00e7\u00e3o da demanda dom\u00e9stica por bens e servi\u00e7os. \u201cA gente v\u00ea um longo caminho [para a recupera\u00e7\u00e3o da economia], porque a gente olha para os indicadores de confian\u00e7a, principalmente dos consumidores, e v\u00ea que eles ainda est\u00e3o muito pessimistas\u201d, afirmou o pesquisador.<\/p>\n<p>Vitor Abdala &#8211; Rep\u00f3rter da Ag\u00eancia Brasil<br \/>\nEdi\u00e7\u00e3o: Talita Cavalcante<br \/>\n29\/06\/2016<\/p>\n","protected":false},"excerpt":{"rendered":"<p>Levatamento divulgado pelo Instituto de Pesquisa Econ\u00f4mica Aplicada (Ipea) diz que a crise econ\u00f4mica que atinge o pa\u00eds come\u00e7a a perder f\u00f4lego. Apesar disso, ainda h\u00e1 um longo caminho para a recupera\u00e7\u00e3o do pa\u00eds, de acordo com o coordenador do Grupo de Conjuntura do Ipea, Jos\u00e9 Ronaldo Souza J\u00fanior. Os dados constam na Carta de [&hellip;]<\/p>\n","protected":false},"author":2,"featured_media":57585,"comment_status":"open","ping_status":"closed","sticky":false,"template":"","format":"standard","meta":{"_genesis_hide_title":false,"_genesis_hide_breadcrumbs":false,"_genesis_hide_singular_image":false,"_genesis_hide_footer_widgets":false,"_genesis_custom_body_class":"","_genesis_custom_post_class":"","_genesis_layout":"","_jetpack_memberships_contains_paid_content":false,"footnotes":""},"categories":[22,7],"tags":[],"class_list":{"0":"post-89207","1":"post","2":"type-post","3":"status-publish","4":"format-standard","5":"has-post-thumbnail","7":"category-brasil","8":"category-economia","9":"entry","10":"gs-1","11":"gs-odd","12":"gs-even","13":"gs-featured-content-entry"},"jetpack_featured_media_url":"https:\/\/www.redenoticia.com.br\/noticia\/imagens\/analise-economia.jpg","jetpack_sharing_enabled":true,"jetpack_likes_enabled":true,"_links":{"self":[{"href":"https:\/\/www.redenoticia.com.br\/noticia\/wp-json\/wp\/v2\/posts\/89207","targetHints":{"allow":["GET"]}}],"collection":[{"href":"https:\/\/www.redenoticia.com.br\/noticia\/wp-json\/wp\/v2\/posts"}],"about":[{"href":"https:\/\/www.redenoticia.com.br\/noticia\/wp-json\/wp\/v2\/types\/post"}],"author":[{"embeddable":true,"href":"https:\/\/www.redenoticia.com.br\/noticia\/wp-json\/wp\/v2\/users\/2"}],"replies":[{"embeddable":true,"href":"https:\/\/www.redenoticia.com.br\/noticia\/wp-json\/wp\/v2\/comments?post=89207"}],"version-history":[{"count":0,"href":"https:\/\/www.redenoticia.com.br\/noticia\/wp-json\/wp\/v2\/posts\/89207\/revisions"}],"wp:featuredmedia":[{"embeddable":true,"href":"https:\/\/www.redenoticia.com.br\/noticia\/wp-json\/wp\/v2\/media\/57585"}],"wp:attachment":[{"href":"https:\/\/www.redenoticia.com.br\/noticia\/wp-json\/wp\/v2\/media?parent=89207"}],"wp:term":[{"taxonomy":"category","embeddable":true,"href":"https:\/\/www.redenoticia.com.br\/noticia\/wp-json\/wp\/v2\/categories?post=89207"},{"taxonomy":"post_tag","embeddable":true,"href":"https:\/\/www.redenoticia.com.br\/noticia\/wp-json\/wp\/v2\/tags?post=89207"}],"curies":[{"name":"wp","href":"https:\/\/api.w.org\/{rel}","templated":true}]}}