{"id":89205,"date":"2016-06-29T10:08:11","date_gmt":"2016-06-29T13:08:11","guid":{"rendered":"http:\/\/www.redenoticia.com.br\/noticia\/?p=89205"},"modified":"2016-06-28T21:09:21","modified_gmt":"2016-06-29T00:09:21","slug":"mais-de-14-mil-estabelecimentos-do-setor-de-alimentos-fecharam-no-inicio-de-2016","status":"publish","type":"post","link":"https:\/\/www.redenoticia.com.br\/noticia\/2016\/mais-de-14-mil-estabelecimentos-do-setor-de-alimentos-fecharam-no-inicio-de-2016\/89205","title":{"rendered":"Mais de 14 mil estabelecimentos do setor de alimentos fecharam no in\u00edcio de 2016"},"content":{"rendered":"<p> Cerca de 14,3 mil estabelecimentos do setor de supermercados, alimentos e bebidas fecharam as portas de janeiro a abril deste ano. Segundo um estudo divulgado pela Confedera\u00e7\u00e3o Nacional do Com\u00e9rcio de Bens, Servi\u00e7os e Turismo (CNC), o n\u00famero \u00e9 quase seis vezes maior do que o registrado no mesmo per\u00edodo do ano passado, quando 2,4 mil <strong><em>estabelecimentos encerraram suas atividades<\/em><\/strong>.<\/p>\n<p>O estudo da CNC mostra que, com o fechamento dos mais de 14 mil estabelecimentos de varejo aliment\u00edcio, foram encerradas 29,7 mil vagas de empregos formais.<\/p>\n<p>O setor responde por 30,3% do faturamento anual do varejo brasileiro e \u00e9 respons\u00e1vel por 30,6% da for\u00e7a de trabalho no setor. Nos quatro primeiros meses de 2016, o segmento teve o pior resultado nas vendas, desde 2003, com queda de 3,2%.<\/p>\n<p>Para a CNC, a demanda dos consumidores j\u00e1 vinha caindo devido \u00e0 recess\u00e3o econ\u00f4mica. A alta de pre\u00e7os contribuiu ainda mais para o recuo das vendas.<\/p>\n<p>Vitor Abdala \u2013 Rep\u00f3rter da Ag\u00eancia Brasil<br \/>\nEdi\u00e7\u00e3o: Denise Griesinger<br \/>\n29\/06\/2016<\/p>\n","protected":false},"excerpt":{"rendered":"<p>Cerca de 14,3 mil estabelecimentos do setor de supermercados, alimentos e bebidas fecharam as portas de janeiro a abril deste ano. Segundo um estudo divulgado pela Confedera\u00e7\u00e3o Nacional do Com\u00e9rcio de Bens, Servi\u00e7os e Turismo (CNC), o n\u00famero \u00e9 quase seis vezes maior do que o registrado no mesmo per\u00edodo do ano passado, quando 2,4 [&hellip;]<\/p>\n","protected":false},"author":2,"featured_media":38938,"comment_status":"open","ping_status":"closed","sticky":false,"template":"","format":"standard","meta":{"_genesis_hide_title":false,"_genesis_hide_breadcrumbs":false,"_genesis_hide_singular_image":false,"_genesis_hide_footer_widgets":false,"_genesis_custom_body_class":"","_genesis_custom_post_class":"","_genesis_layout":"","_jetpack_memberships_contains_paid_content":false,"footnotes":""},"categories":[22,7],"tags":[],"class_list":{"0":"post-89205","1":"post","2":"type-post","3":"status-publish","4":"format-standard","5":"has-post-thumbnail","7":"category-brasil","8":"category-economia","9":"entry","10":"gs-1","11":"gs-odd","12":"gs-even","13":"gs-featured-content-entry"},"jetpack_featured_media_url":"https:\/\/www.redenoticia.com.br\/noticia\/imagens\/economia1.jpg","jetpack_sharing_enabled":true,"jetpack_likes_enabled":true,"_links":{"self":[{"href":"https:\/\/www.redenoticia.com.br\/noticia\/wp-json\/wp\/v2\/posts\/89205","targetHints":{"allow":["GET"]}}],"collection":[{"href":"https:\/\/www.redenoticia.com.br\/noticia\/wp-json\/wp\/v2\/posts"}],"about":[{"href":"https:\/\/www.redenoticia.com.br\/noticia\/wp-json\/wp\/v2\/types\/post"}],"author":[{"embeddable":true,"href":"https:\/\/www.redenoticia.com.br\/noticia\/wp-json\/wp\/v2\/users\/2"}],"replies":[{"embeddable":true,"href":"https:\/\/www.redenoticia.com.br\/noticia\/wp-json\/wp\/v2\/comments?post=89205"}],"version-history":[{"count":0,"href":"https:\/\/www.redenoticia.com.br\/noticia\/wp-json\/wp\/v2\/posts\/89205\/revisions"}],"wp:featuredmedia":[{"embeddable":true,"href":"https:\/\/www.redenoticia.com.br\/noticia\/wp-json\/wp\/v2\/media\/38938"}],"wp:attachment":[{"href":"https:\/\/www.redenoticia.com.br\/noticia\/wp-json\/wp\/v2\/media?parent=89205"}],"wp:term":[{"taxonomy":"category","embeddable":true,"href":"https:\/\/www.redenoticia.com.br\/noticia\/wp-json\/wp\/v2\/categories?post=89205"},{"taxonomy":"post_tag","embeddable":true,"href":"https:\/\/www.redenoticia.com.br\/noticia\/wp-json\/wp\/v2\/tags?post=89205"}],"curies":[{"name":"wp","href":"https:\/\/api.w.org\/{rel}","templated":true}]}}