{"id":89203,"date":"2016-06-29T10:07:03","date_gmt":"2016-06-29T13:07:03","guid":{"rendered":"http:\/\/www.redenoticia.com.br\/noticia\/?p=89203"},"modified":"2016-06-28T21:08:05","modified_gmt":"2016-06-29T00:08:05","slug":"basquete-dos-eua-e-da-espanha-convocam-selecoes-para-rio-2016","status":"publish","type":"post","link":"https:\/\/www.redenoticia.com.br\/noticia\/2016\/basquete-dos-eua-e-da-espanha-convocam-selecoes-para-rio-2016\/89203","title":{"rendered":"Basquete dos EUA e da Espanha convocam sele\u00e7\u00f5es para Rio 2016"},"content":{"rendered":"<p> As sele\u00e7\u00f5es masculinas de basquete dos Estados Unidos e da Espanha est\u00e3o convocadas para os <strong><em>Jogos Ol\u00edmpicos Rio 2016<\/em><\/strong>, ap\u00f3s les\u00f5es, contus\u00f5es e amea\u00e7a de desist\u00eancia em fun\u00e7\u00e3o do v\u00edrus Zika. As sele\u00e7\u00f5es finalistas da \u00faltima edi\u00e7\u00e3o dos Jogos, Londres 2012, vir\u00e3o com equipes fortes, como favoritas a repetirem a final, mas os norte-americanos ter\u00e3o desfalques importantes. A Espanha convocou os irm\u00e3os Marc e Pau Gasol e os Estados Unidos vir\u00e3o com nomes como Kevin Durant, Carmelo Anthony e Kyrie Irving.<\/p>\n<p>Irving foi um dos destaques nas finais da NBA, a liga de basquete dos Estados Unidos. O armador do Cleveland Cavaliers desequilibrou em momentos cruciais e foi um dos principais respons\u00e1veis pela rea\u00e7\u00e3o do time, que perdia a s\u00e9rie de sete jogos por 3 a 1 e virou para 4 a 3 contra o Golden State Warriors, conquistando o t\u00edtulo.<\/p>\n<p>A presen\u00e7a de Irving, Anthony, Durant e outros jogadores garantem o favoritismo dos Estados Unidos ao ouro, mas a superioridade te\u00f3rica poderia ser maior. Os dois maiores nomes da NBA e do basquete mundial na atualidade, o ala dos Cavaliers LeBron James e o armador Stephen Curry, do Golden State Warriors, j\u00e1 haviam anunciado que n\u00e3o viriam aos jogos do Rio.<\/p>\n<p>Eles n\u00e3o s\u00e3o os \u00fanicos a desistir da Olimp\u00edada: James Harden, Russell Westbrook, Chris Paul, dentre outros. Em nota, Curry alegou \u201cv\u00e1rios fatores\u201d, inclusive les\u00f5es recentes no tornozelo e no joelho. Outros apenas se declararam ineleg\u00edveis para a convoca\u00e7\u00e3o, sem dar motivos, apenas expressando pesar em uma decis\u00e3o \u201cdif\u00edcil\u201d e declarando que esperam ser lembrados em convoca\u00e7\u00f5es futuras.<\/p>\n<p>Zika<\/p>\n<p>O espanhol Pau Gasol, principal nome da equipe espanhola e um dos principais respons\u00e1veis pela classifica\u00e7\u00e3o da Espanha para a Rio 2016, considerou n\u00e3o vir aos jogos por medo do v\u00edrus Zika. Gasol disse ter conversado com outros atletas que decidiram n\u00e3o vir ao Brasil, mas n\u00e3o citou nomes. H\u00e1 cerca de duas semanas a imprensa internacional noticiou que Gasol cogitou congelar amostras de seu esperma para o caso de querer ter filhos nos pr\u00f3ximos meses.<\/p>\n<p>\u201cAlguns desses atletas est\u00e3o planejando ter filhos em um futuro pr\u00f3ximo e isto pode afet\u00e1-los, pode afetar a sa\u00fade de seus filhos e esposas\u201d, disse Gasol, em declara\u00e7\u00e3o divulgada no site oficial da NBA. \u201c\u00c9 importante falar abertamente sobre isso. \u00c9 uma situa\u00e7\u00e3o muito delicada\u201d.<\/p>\n<p>Convocados<\/p>\n<p>Os convocados dos Estados Unidos s\u00e3o os armadores Kyrie Irving (Cleveland Cavaliers), Kyle Lowry (Toronto Raptors), Klay Thompson (Golden State Warriors), Jimmy Butler (Chicago Bulls) e DeMar DeRozan (Toronto Raptors); os alas Kevin Durant (Oklahoma City Thunder), Carmelo Anthony (New York Knicks), Paul George (Indiana Pacers), Draymond Green (Golden State Warriors) e Harrison Barnes (Golden State Warriors) e os piv\u00f4s DeMarcus Cousins (Sacramento Kings) e DeAndre Jordan (Los Angeles Clippers).<\/p>\n<p>O t\u00e9cnico da Espanha Sergio Scariolo convocou 20 atletas e ter\u00e1 que cortar oito nomes at\u00e9 os jogos do Rio de Janeiro. O Real Madrid \u00e9 o time que mais empresta jogadores para a sele\u00e7\u00e3o, com seis.<\/p>\n<p>Os convocados pela Espanha s\u00e3o os armadores Sergio Rodr\u00edguez (Real Madrid), Ricky Rubio (Minnesota Timberwolves), Jos\u00e9 Manuel Calder\u00f3n (New York Knicks), Guillem Vives (Valencia), Sergio Llull (Real Madrid), Juan Carlos Navarro (Real Madrid), Pau Ribas (Barcelona) e Alberto Abalde (Joventut), os alas Rudy Fern\u00e1ndez (Real Madrid), \u00c1lex Abrines (Barcelona), Fernando San Emeterio (Valencia), Dani D\u00edez (Unicaja), Felipe Reyes (Real Madrid), Pablo Aguilar (Gran Canaria), Nikola Mirotic (Chicago Bulls) e V\u00edctor Claver (Lokomotiv) e os piv\u00f4s Willy Hernang\u00f3mez (Real Madrid), Pau Gasol (Chicago Bulls), Illimane Diop (Baskonia) e Marc Gasol (Memphis Grizzlies).<\/p>\n<p>Zika desfalca golfe<\/p>\n<p>Embora o v\u00edrus Zika n\u00e3o seja uma justificativa expl\u00edcita para as aus\u00eancias na equipe de basquete dos EUA, foi a raz\u00e3o apresentada pelo golfista norte-irland\u00eas Rory McIlroy, que competiria pela Irlanda e um dos principais nomes do esporte na atualidade, para n\u00e3o participar da volta do golfe ao programa ol\u00edmpico.<\/p>\n<p>Em um comunicado divulgado pela empresa que faz a ger\u00eancia de sua carreira esportiva, McIlroy disse que percebeu que sua sa\u00fade e da fam\u00edlia \u201cvem antes de qualquer outra coisa\u201d. \u201cEmbora o risco de infec\u00e7\u00e3o do v\u00edrus da Zika seja considerado baixo, \u00e9 um risco, e \u00e9 um risco n\u00e3o estou disposto a correr\u201d.<\/p>\n<p>Mais quatro golfistas avisaram que n\u00e3o ir\u00e3o ao Rio de Janeiro em agosto. Adam Scott, Louis Oosthuizen, Charl Schwartzel, Marc Leishman e Vijay Singh avisaram \u00e0s federa\u00e7\u00f5es de golfe de seus pa\u00edses que n\u00e3o vir\u00e3o. Destes s\u00f3 Leishman citou o Zika como um dos motivos para n\u00e3o vir: o v\u00edrus e a sa\u00fade debilitada de sua esposa.<\/p>\n<p>O tenista su\u00ed\u00e7o Roger Federer, por sua vez, est\u00e1 ansioso para competir no Brasil. Disse que far\u00e1 \u201ctodo o poss\u00edvel\u201d para competir nos jogos. Quanto ao v\u00edrus, afirmou que usar\u00e1 repelente, dentre outras precau\u00e7\u00f5es.<\/p>\n<p>Al\u00e9m de alguns atletas manifestarem publicamente preocupa\u00e7\u00e3o com o tema, cientistas internacionais propuseram \u00e0 Organiza\u00e7\u00e3o Mundial da Sa\u00fade (OMS), em carta aberta, a mudan\u00e7a das datas das Olimp\u00edadas e Paralimp\u00edadas.<\/p>\n<p>Em resposta, pesquisadores brasileiros que participam do Programa de Computa\u00e7\u00e3o Cient\u00edfica da Funda\u00e7\u00e3o Oswaldo Cruz (PROCC\/Fiocruz) e da Escola de Matem\u00e1tica Aplicada da Funda\u00e7\u00e3o Get\u00falio Vargas do Rio de Janeiro (FGV) afirmaram que n\u00e3o h\u00e1 motivo para tal atitude.<\/p>\n<p>Marcelo Brand\u00e3o &#8211; Rep\u00f3rter da Ag\u00eancia Brasil<br \/>\nEdi\u00e7\u00e3o: F\u00e1bio Massalli<br \/>\n29\/06\/2016<\/p>\n","protected":false},"excerpt":{"rendered":"<p>As sele\u00e7\u00f5es masculinas de basquete dos Estados Unidos e da Espanha est\u00e3o convocadas para os Jogos Ol\u00edmpicos Rio 2016, ap\u00f3s les\u00f5es, contus\u00f5es e amea\u00e7a de desist\u00eancia em fun\u00e7\u00e3o do v\u00edrus Zika. As sele\u00e7\u00f5es finalistas da \u00faltima edi\u00e7\u00e3o dos Jogos, Londres 2012, vir\u00e3o com equipes fortes, como favoritas a repetirem a final, mas os norte-americanos ter\u00e3o [&hellip;]<\/p>\n","protected":false},"author":2,"featured_media":39880,"comment_status":"open","ping_status":"closed","sticky":false,"template":"","format":"standard","meta":{"_genesis_hide_title":false,"_genesis_hide_breadcrumbs":false,"_genesis_hide_singular_image":false,"_genesis_hide_footer_widgets":false,"_genesis_custom_body_class":"","_genesis_custom_post_class":"","_genesis_layout":"","_jetpack_memberships_contains_paid_content":false,"footnotes":""},"categories":[22],"tags":[],"class_list":{"0":"post-89203","1":"post","2":"type-post","3":"status-publish","4":"format-standard","5":"has-post-thumbnail","7":"category-brasil","8":"entry","9":"gs-1","10":"gs-odd","11":"gs-even","12":"gs-featured-content-entry"},"jetpack_featured_media_url":"https:\/\/www.redenoticia.com.br\/noticia\/imagens\/olimpiadas.jpg","jetpack_sharing_enabled":true,"jetpack_likes_enabled":true,"_links":{"self":[{"href":"https:\/\/www.redenoticia.com.br\/noticia\/wp-json\/wp\/v2\/posts\/89203","targetHints":{"allow":["GET"]}}],"collection":[{"href":"https:\/\/www.redenoticia.com.br\/noticia\/wp-json\/wp\/v2\/posts"}],"about":[{"href":"https:\/\/www.redenoticia.com.br\/noticia\/wp-json\/wp\/v2\/types\/post"}],"author":[{"embeddable":true,"href":"https:\/\/www.redenoticia.com.br\/noticia\/wp-json\/wp\/v2\/users\/2"}],"replies":[{"embeddable":true,"href":"https:\/\/www.redenoticia.com.br\/noticia\/wp-json\/wp\/v2\/comments?post=89203"}],"version-history":[{"count":0,"href":"https:\/\/www.redenoticia.com.br\/noticia\/wp-json\/wp\/v2\/posts\/89203\/revisions"}],"wp:featuredmedia":[{"embeddable":true,"href":"https:\/\/www.redenoticia.com.br\/noticia\/wp-json\/wp\/v2\/media\/39880"}],"wp:attachment":[{"href":"https:\/\/www.redenoticia.com.br\/noticia\/wp-json\/wp\/v2\/media?parent=89203"}],"wp:term":[{"taxonomy":"category","embeddable":true,"href":"https:\/\/www.redenoticia.com.br\/noticia\/wp-json\/wp\/v2\/categories?post=89203"},{"taxonomy":"post_tag","embeddable":true,"href":"https:\/\/www.redenoticia.com.br\/noticia\/wp-json\/wp\/v2\/tags?post=89203"}],"curies":[{"name":"wp","href":"https:\/\/api.w.org\/{rel}","templated":true}]}}