{"id":89199,"date":"2016-06-29T10:04:24","date_gmt":"2016-06-29T13:04:24","guid":{"rendered":"http:\/\/www.redenoticia.com.br\/noticia\/?p=89199"},"modified":"2016-06-28T21:05:29","modified_gmt":"2016-06-29T00:05:29","slug":"ja-fez-a-revisao-do-carro-prepare-se-para-as-ferias-de-julho","status":"publish","type":"post","link":"https:\/\/www.redenoticia.com.br\/noticia\/2016\/ja-fez-a-revisao-do-carro-prepare-se-para-as-ferias-de-julho\/89199","title":{"rendered":"J\u00e1 fez a revis\u00e3o do carro? Prepare-se para as f\u00e9rias de julho"},"content":{"rendered":"<p> Se voc\u00ea \u00e9 um dos que v\u00e3o aproveitar as f\u00e9rias de julho para viajar, precisa estar atento \u00e0 <strong><em>revis\u00e3o do carro<\/em><\/strong> antes de pegar a estrada. Os cuidados dizem respeito tamb\u00e9m \u00e0 documenta\u00e7\u00e3o do condutor do ve\u00edculo. S\u00e3o medidas simples, preventivas e importantes para que sua viagem n\u00e3o se transforme em dor de cabe\u00e7a.<\/p>\n<p>O primeiro passo \u00e9 verificar se os documentos do ve\u00edculo est\u00e3o em ordem, com o licenciamento e IPVA em dia. A validade da carteira de habilita\u00e7\u00e3o do motorista tamb\u00e9m deve ser conferida.<\/p>\n<p>No ve\u00edculo, \u00e9 importante verificar as condi\u00e7\u00f5es dos pneus, inclusive do estepe. Se houver bolhas \u00e9 sinal de que existe algum dano na estrutura e uma substitui\u00e7\u00e3o deve ser feita. O desgaste irregular na banda de rodagem \u00e9 indicativo de desalinhamento da suspens\u00e3o ou de press\u00e3o inadequada no pneu por longos per\u00edodos.<\/p>\n<p>Cheque a press\u00e3o de todos os pneus e considere a quantidade de passageiros e bagagem que o carro ir\u00e1 carregar, pois quase todos os modelos exigem press\u00f5es diferentes para esta condi\u00e7\u00e3o. O kit formado por chave de rodas, tri\u00e2ngulo e macaco, que na maioria dos carros fica no porta-malas, embaixo do estepe, deve estar em ordem.<\/p>\n<p>Verifique barulhos na suspens\u00e3o como batidas secas, rangidos ou ru\u00eddos que d\u00e3o a impress\u00e3o de algo frouxo. Pe\u00e7as da suspens\u00e3o sofrem desgastes e necessitam reparos. A falta de manuten\u00e7\u00e3o pode comprometer a seguran\u00e7a dos passageiros. Fique atento ao n\u00edvel do \u00f3leo do motor, sua validade e os demais fluidos e filtros. Caso o prazo de troca esteja pr\u00f3ximo, recomenda-se antecipar o processo.<\/p>\n<p>A revis\u00e3o deve checar se far\u00f3is, lanternas e piscas est\u00e3o funcionando. Muitas vezes o problema \u00e9 resolvido com uma simples substitui\u00e7\u00e3o de l\u00e2mpadas. Confira tamb\u00e9m o funcionamento dos limpadores, desemba\u00e7adores, o estado de conserva\u00e7\u00e3o das palhetas e o n\u00edvel do reservat\u00f3rio de limpeza. Limpe bem os vidros, essa medida facilita o escoamento da \u00e1gua da chuva.<\/p>\n<p>Do Portal do Governo do Estado SP<\/p>\n","protected":false},"excerpt":{"rendered":"<p>Se voc\u00ea \u00e9 um dos que v\u00e3o aproveitar as f\u00e9rias de julho para viajar, precisa estar atento \u00e0 revis\u00e3o do carro antes de pegar a estrada. Os cuidados dizem respeito tamb\u00e9m \u00e0 documenta\u00e7\u00e3o do condutor do ve\u00edculo. S\u00e3o medidas simples, preventivas e importantes para que sua viagem n\u00e3o se transforme em dor de cabe\u00e7a. O [&hellip;]<\/p>\n","protected":false},"author":2,"featured_media":35207,"comment_status":"open","ping_status":"closed","sticky":false,"template":"","format":"standard","meta":{"_genesis_hide_title":false,"_genesis_hide_breadcrumbs":false,"_genesis_hide_singular_image":false,"_genesis_hide_footer_widgets":false,"_genesis_custom_body_class":"","_genesis_custom_post_class":"","_genesis_layout":"","_jetpack_memberships_contains_paid_content":false,"footnotes":""},"categories":[22],"tags":[],"class_list":{"0":"post-89199","1":"post","2":"type-post","3":"status-publish","4":"format-standard","5":"has-post-thumbnail","7":"category-brasil","8":"entry","9":"gs-1","10":"gs-odd","11":"gs-even","12":"gs-featured-content-entry"},"jetpack_featured_media_url":"https:\/\/www.redenoticia.com.br\/noticia\/imagens\/transito-estradas.jpg","jetpack_sharing_enabled":true,"jetpack_likes_enabled":true,"_links":{"self":[{"href":"https:\/\/www.redenoticia.com.br\/noticia\/wp-json\/wp\/v2\/posts\/89199","targetHints":{"allow":["GET"]}}],"collection":[{"href":"https:\/\/www.redenoticia.com.br\/noticia\/wp-json\/wp\/v2\/posts"}],"about":[{"href":"https:\/\/www.redenoticia.com.br\/noticia\/wp-json\/wp\/v2\/types\/post"}],"author":[{"embeddable":true,"href":"https:\/\/www.redenoticia.com.br\/noticia\/wp-json\/wp\/v2\/users\/2"}],"replies":[{"embeddable":true,"href":"https:\/\/www.redenoticia.com.br\/noticia\/wp-json\/wp\/v2\/comments?post=89199"}],"version-history":[{"count":0,"href":"https:\/\/www.redenoticia.com.br\/noticia\/wp-json\/wp\/v2\/posts\/89199\/revisions"}],"wp:featuredmedia":[{"embeddable":true,"href":"https:\/\/www.redenoticia.com.br\/noticia\/wp-json\/wp\/v2\/media\/35207"}],"wp:attachment":[{"href":"https:\/\/www.redenoticia.com.br\/noticia\/wp-json\/wp\/v2\/media?parent=89199"}],"wp:term":[{"taxonomy":"category","embeddable":true,"href":"https:\/\/www.redenoticia.com.br\/noticia\/wp-json\/wp\/v2\/categories?post=89199"},{"taxonomy":"post_tag","embeddable":true,"href":"https:\/\/www.redenoticia.com.br\/noticia\/wp-json\/wp\/v2\/tags?post=89199"}],"curies":[{"name":"wp","href":"https:\/\/api.w.org\/{rel}","templated":true}]}}