{"id":89091,"date":"2016-06-28T10:26:59","date_gmt":"2016-06-28T13:26:59","guid":{"rendered":"http:\/\/www.redenoticia.com.br\/noticia\/?p=89091"},"modified":"2016-06-27T17:27:41","modified_gmt":"2016-06-27T20:27:41","slug":"taxa-de-juros-do-cheque-especial-chega-ao-recorde-de-3113-ao-ano","status":"publish","type":"post","link":"https:\/\/www.redenoticia.com.br\/noticia\/2016\/taxa-de-juros-do-cheque-especial-chega-ao-recorde-de-3113-ao-ano\/89091","title":{"rendered":"Taxa de juros do cheque especial chega ao recorde de 311,3% ao ano"},"content":{"rendered":"<p> A <strong><em>taxa de juros do cheque especial<\/em><\/strong> continuou a subir em maio. De acordo com dados do Banco Central (BC), a taxa do cheque especial subiu 2,6 pontos percentuais, de abril para maio, quando ficou em 311,3% ao ano. Essa \u00e9 a maior taxa da s\u00e9rie hist\u00f3rica do BC, iniciada em julho de 1994. Em 12 meses, essa taxa j\u00e1 subiu 79,3 pontos percentuais.<\/p>\n<p>A taxa de juros do rotativo do cart\u00e3o de cr\u00e9dito \u00e9 ainda maior: chegou a 471,3% ao ano, em maio, com alta de 18,9 pontos percentuais em rela\u00e7\u00e3o a abril. Em 12 meses, a taxa subiu 111 pontos percentuais.<\/p>\n<p>O rotativo \u00e9 o cr\u00e9dito tomado pelo consumidor quando parcela o valor integral da fatura do cart\u00e3o. Essa \u00e9 a modalidade com taxa de juros mais alta na pesquisa do BC.<\/p>\n<p>A taxa m\u00e9dia das compras parceladas com juros, do parcelamento da fatura do cart\u00e3o de cr\u00e9dito e dos saques parcelados caiu 1,5 ponto percentual para 148,9% ao ano.<\/p>\n<p>A taxa do cr\u00e9dito pessoal, sem considerar opera\u00e7\u00f5es consignadas (com desconto das presta\u00e7\u00f5es em folha de pagamento), caiu 0,9 ponto percentual para 129,9% ao ano. A taxa do cr\u00e9dito consignado caiu 0,1 ponto percentual para 29,6% ao ano.<\/p>\n<p>A taxa m\u00e9dia de juros cobrada das fam\u00edlias subiu 0,7 ponto percentual para 71,7% ao ano.<\/p>\n<p>A inadimpl\u00eancia do cr\u00e9dito, considerados atrasos acima de 90 dias, para pessoas f\u00edsicas subiu 0,1 ponto percentual para 6,3%.<\/p>\n<p>No caso das empresas, a taxa de inadimpl\u00eancia subiu 0,3 ponto percentual para 5,4%. A taxa m\u00e9dia de juros cobrada das pessoas jur\u00eddicas caiu 0,5 ponto percentual para 30,6% ao ano.<\/p>\n<p>Esses dados s\u00e3o do cr\u00e9dito livre, em que os bancos t\u00eam autonomia para aplicar o dinheiro captado no mercado e definir as taxas de juros.<\/p>\n<p>No caso do cr\u00e9dito direcionado (empr\u00e9stimos com regras definidas pelo governo, destinados, basicamente, aos setores habitacional, rural e de infraestrutura) a taxa de juros para as pessoas f\u00edsicas subiu 0,4 ponto percentual para 10,4% ao ano. A taxa cobrada das empresas subiu 0,2 ponto percentual para 11,8% ao ano.<\/p>\n<p>O saldo de todas as opera\u00e7\u00f5es de cr\u00e9dito concedido pelos bancos subiu 0,1%, em maio, quando ficou em R$ 3,144 trilh\u00f5es. Esse valor correspondeu a 52,4% de tudo o que o pa\u00eds produz \u2013 Produto Interno Bruto (PIB), ante o percentual de 52,6% registrado em abril deste ano.<\/p>\n<p>Kelly Oliveira \u2013 Rep\u00f3rter da Ag\u00eancia Brasil<br \/>\nEdi\u00e7\u00e3o: Denise Griesinger<br \/>\n28\/06\/2016 <\/p>\n","protected":false},"excerpt":{"rendered":"<p>A taxa de juros do cheque especial continuou a subir em maio. De acordo com dados do Banco Central (BC), a taxa do cheque especial subiu 2,6 pontos percentuais, de abril para maio, quando ficou em 311,3% ao ano. Essa \u00e9 a maior taxa da s\u00e9rie hist\u00f3rica do BC, iniciada em julho de 1994. Em [&hellip;]<\/p>\n","protected":false},"author":2,"featured_media":38938,"comment_status":"open","ping_status":"closed","sticky":false,"template":"","format":"standard","meta":{"_genesis_hide_title":false,"_genesis_hide_breadcrumbs":false,"_genesis_hide_singular_image":false,"_genesis_hide_footer_widgets":false,"_genesis_custom_body_class":"","_genesis_custom_post_class":"","_genesis_layout":"","_jetpack_memberships_contains_paid_content":false,"footnotes":""},"categories":[22,7],"tags":[],"class_list":{"0":"post-89091","1":"post","2":"type-post","3":"status-publish","4":"format-standard","5":"has-post-thumbnail","7":"category-brasil","8":"category-economia","9":"entry","10":"gs-1","11":"gs-odd","12":"gs-even","13":"gs-featured-content-entry"},"jetpack_featured_media_url":"https:\/\/www.redenoticia.com.br\/noticia\/imagens\/economia1.jpg","jetpack_sharing_enabled":true,"jetpack_likes_enabled":true,"_links":{"self":[{"href":"https:\/\/www.redenoticia.com.br\/noticia\/wp-json\/wp\/v2\/posts\/89091","targetHints":{"allow":["GET"]}}],"collection":[{"href":"https:\/\/www.redenoticia.com.br\/noticia\/wp-json\/wp\/v2\/posts"}],"about":[{"href":"https:\/\/www.redenoticia.com.br\/noticia\/wp-json\/wp\/v2\/types\/post"}],"author":[{"embeddable":true,"href":"https:\/\/www.redenoticia.com.br\/noticia\/wp-json\/wp\/v2\/users\/2"}],"replies":[{"embeddable":true,"href":"https:\/\/www.redenoticia.com.br\/noticia\/wp-json\/wp\/v2\/comments?post=89091"}],"version-history":[{"count":0,"href":"https:\/\/www.redenoticia.com.br\/noticia\/wp-json\/wp\/v2\/posts\/89091\/revisions"}],"wp:featuredmedia":[{"embeddable":true,"href":"https:\/\/www.redenoticia.com.br\/noticia\/wp-json\/wp\/v2\/media\/38938"}],"wp:attachment":[{"href":"https:\/\/www.redenoticia.com.br\/noticia\/wp-json\/wp\/v2\/media?parent=89091"}],"wp:term":[{"taxonomy":"category","embeddable":true,"href":"https:\/\/www.redenoticia.com.br\/noticia\/wp-json\/wp\/v2\/categories?post=89091"},{"taxonomy":"post_tag","embeddable":true,"href":"https:\/\/www.redenoticia.com.br\/noticia\/wp-json\/wp\/v2\/tags?post=89091"}],"curies":[{"name":"wp","href":"https:\/\/api.w.org\/{rel}","templated":true}]}}