{"id":89089,"date":"2016-06-28T10:25:35","date_gmt":"2016-06-28T13:25:35","guid":{"rendered":"http:\/\/www.redenoticia.com.br\/noticia\/?p=89089"},"modified":"2016-06-27T17:26:51","modified_gmt":"2016-06-27T20:26:51","slug":"divida-publica-aumenta-282-e-fecha-maio-em-r-28-trilhoes","status":"publish","type":"post","link":"https:\/\/www.redenoticia.com.br\/noticia\/2016\/divida-publica-aumenta-282-e-fecha-maio-em-r-28-trilhoes\/89089","title":{"rendered":"D\u00edvida p\u00fablica aumenta 2,82% e fecha maio em R$ 2,8 trilh\u00f5es"},"content":{"rendered":"<p> A <strong><em>D\u00edvida P\u00fablica Federal<\/em><\/strong> (DPF) apresentou aumento, em termos nominas, de 2,82%, em maio na compara\u00e7\u00e3o com abril, ao passar de R$ 2,799 trilh\u00f5es para R$ 2,878 trilh\u00f5es. Os dados, que incluem o endividamento interno e externo, foram divulgados pelo Tesouro Nacional.<\/p>\n<p>O endividamento do Tesouro pode ocorrer por meio da oferta de t\u00edtulos p\u00fablicos em leil\u00f5es, pela internet (Tesouro Direto) ou pela emiss\u00e3o direta. Outro fator de eleva\u00e7\u00e3o pode ocorrer devido \u00e0 assinatura de contratos de empr\u00e9stimo. No m\u00eas de maio, as emiss\u00f5es da DPF corresponderam a R$ 55,80 bilh\u00f5es, enquanto os resgates alcan\u00e7aram R$ 11,48 bilh\u00f5es, resultando em emiss\u00e3o l\u00edquida de R$ 44,32 bilh\u00f5es.<\/p>\n<p>A D\u00edvida P\u00fablica Mobili\u00e1ria Federal interna (DPMFi) teve o estoque ampliado em 2,77% ao passar de R$ 2,670 trilh\u00f5es para R$ 2,744 trilh\u00f5es. A DPMFi \u00e9 a d\u00edvida p\u00fablica federal interna em circula\u00e7\u00e3o no mercado nacional.<\/p>\n<p> Com rela\u00e7\u00e3o ao estoque da D\u00edvida P\u00fablica Federal Externa (DPFe), houve aumento de 3,94% na compara\u00e7\u00e3o com o resultado do m\u00eas anterior, chegando a R$ 134,70 bilh\u00f5es, equivalentes a US$ 37,47 bilh\u00f5es. Desse total, R$ 122,42 bilh\u00f5es (US$ 34,05 bilh\u00f5es) referem-se \u00e0 d\u00edvida mobili\u00e1ria (t\u00edtulos), e R$ 12,28 bilh\u00f5es (US$ 3,42 bilh\u00f5es), \u00e0 d\u00edvida contratual.<\/p>\n<p>DPFe \u00e9 a D\u00edvida P\u00fablica Federal existente no mercado internacional paga em outras moedas. De acordo com o Tesouro Nacional, a varia\u00e7\u00e3o da DPFe deveu-se principalmente pela valoriza\u00e7\u00e3o do real em rela\u00e7\u00e3o as moedas que comp\u00f5em o estoque da d\u00edvida externa.<\/p>\n<p>De acordo com o Plano Anual de Financiamento (PAF), o governo estima a D\u00edvida P\u00fablica Federal, em 2016, entre R$ 3,1 trilh\u00f5es e R$ 3,3 trilh\u00f5es.<\/p>\n<p>Reservas<\/p>\n<p>O coordenador-geral de Opera\u00e7\u00f5es da D\u00edvida P\u00fablica, do Tesouro Nacional, Leandro Secunho, destacou que a d\u00edvida n\u00e3o dever\u00e1 ultrapassar o intervalo previsto no PAF e que o governo tem um colch\u00e3o de liquidez (reservas destinadas exclusivamente ao pagamento da d\u00edvida), mas evitou declarar se os recursos ser\u00e3o usados para ajudar a reduzir o d\u00e9ficit de R$ 170,5 bilh\u00f5es previstos na meta fiscal deste ano.<\/p>\n<p>\u201cO Tesouro n\u00e3o divulga esses n\u00fameros por quest\u00e3o de estrat\u00e9gia [total dispon\u00edvel para liquidez], mas esse colch\u00e3o \u00e9 suficiente para o pagamento dos vencimentos [dos t\u00edtulos da d\u00edvida] dos pr\u00f3ximos seis meses. Como vai ser pago o d\u00e9ficit de at\u00e9 R$ 170 bilh\u00f5es, na verdade, \u00e9 uma decis\u00e3o que ainda vai ser tomada, quais v\u00e3o ser as fontes e como isso ser\u00e1 feito\u201d, disse. &#8220;O que eu posso comentar aqui \u00e9 que, n\u00e3o existe, por ora, a necessidade de emitir mais t\u00edtulos p\u00fablicos e captar mais recursos para o pagamento do d\u00e9ficit&#8221;, acrescentou.<\/p>\n<p>Daniel Lima &#8211; Rep\u00f3rter da Ag\u00eancia Brasil<br \/>\nEdi\u00e7\u00e3o: Talita Cavalcante<br \/>\n28\/06\/2016<\/p>\n","protected":false},"excerpt":{"rendered":"<p>A D\u00edvida P\u00fablica Federal (DPF) apresentou aumento, em termos nominas, de 2,82%, em maio na compara\u00e7\u00e3o com abril, ao passar de R$ 2,799 trilh\u00f5es para R$ 2,878 trilh\u00f5es. Os dados, que incluem o endividamento interno e externo, foram divulgados pelo Tesouro Nacional. O endividamento do Tesouro pode ocorrer por meio da oferta de t\u00edtulos p\u00fablicos [&hellip;]<\/p>\n","protected":false},"author":2,"featured_media":57582,"comment_status":"open","ping_status":"closed","sticky":false,"template":"","format":"standard","meta":{"_genesis_hide_title":false,"_genesis_hide_breadcrumbs":false,"_genesis_hide_singular_image":false,"_genesis_hide_footer_widgets":false,"_genesis_custom_body_class":"","_genesis_custom_post_class":"","_genesis_layout":"","_jetpack_memberships_contains_paid_content":false,"footnotes":""},"categories":[22,7],"tags":[],"class_list":{"0":"post-89089","1":"post","2":"type-post","3":"status-publish","4":"format-standard","5":"has-post-thumbnail","7":"category-brasil","8":"category-economia","9":"entry","10":"gs-1","11":"gs-odd","12":"gs-even","13":"gs-featured-content-entry"},"jetpack_featured_media_url":"https:\/\/www.redenoticia.com.br\/noticia\/imagens\/grafico1.jpg","jetpack_sharing_enabled":true,"jetpack_likes_enabled":true,"_links":{"self":[{"href":"https:\/\/www.redenoticia.com.br\/noticia\/wp-json\/wp\/v2\/posts\/89089","targetHints":{"allow":["GET"]}}],"collection":[{"href":"https:\/\/www.redenoticia.com.br\/noticia\/wp-json\/wp\/v2\/posts"}],"about":[{"href":"https:\/\/www.redenoticia.com.br\/noticia\/wp-json\/wp\/v2\/types\/post"}],"author":[{"embeddable":true,"href":"https:\/\/www.redenoticia.com.br\/noticia\/wp-json\/wp\/v2\/users\/2"}],"replies":[{"embeddable":true,"href":"https:\/\/www.redenoticia.com.br\/noticia\/wp-json\/wp\/v2\/comments?post=89089"}],"version-history":[{"count":0,"href":"https:\/\/www.redenoticia.com.br\/noticia\/wp-json\/wp\/v2\/posts\/89089\/revisions"}],"wp:featuredmedia":[{"embeddable":true,"href":"https:\/\/www.redenoticia.com.br\/noticia\/wp-json\/wp\/v2\/media\/57582"}],"wp:attachment":[{"href":"https:\/\/www.redenoticia.com.br\/noticia\/wp-json\/wp\/v2\/media?parent=89089"}],"wp:term":[{"taxonomy":"category","embeddable":true,"href":"https:\/\/www.redenoticia.com.br\/noticia\/wp-json\/wp\/v2\/categories?post=89089"},{"taxonomy":"post_tag","embeddable":true,"href":"https:\/\/www.redenoticia.com.br\/noticia\/wp-json\/wp\/v2\/tags?post=89089"}],"curies":[{"name":"wp","href":"https:\/\/api.w.org\/{rel}","templated":true}]}}