{"id":89087,"date":"2016-06-28T10:22:49","date_gmt":"2016-06-28T13:22:49","guid":{"rendered":"http:\/\/www.redenoticia.com.br\/noticia\/?p=89087"},"modified":"2016-06-27T17:25:24","modified_gmt":"2016-06-27T20:25:24","slug":"confianca-do-consumidor-e-a-maior-desde-junho-do-ano-passado","status":"publish","type":"post","link":"https:\/\/www.redenoticia.com.br\/noticia\/2016\/confianca-do-consumidor-e-a-maior-desde-junho-do-ano-passado\/89087","title":{"rendered":"Confian\u00e7a do consumidor \u00e9 a maior desde junho do ano passado"},"content":{"rendered":"<p> A melhora na expectativa do consumidor fez subir o <strong><em>\u00cdndice de Confian\u00e7a do Consumidor<\/em><\/strong> (ICC) em 3,4 pontos entre maio e junho, passando de 67,9 para 71,3 pontos, o maior desde junho do ano passado. A constata\u00e7\u00e3o \u00e9 do Instituto Brasileiro de Economia da Funda\u00e7\u00e3o Getulio Vargas (Ibre-FGV) ao atribuir a alta exclusivamente \u00e0 melhora das expectativas dos consumidores, uma vez que os indicadores que medem a percep\u00e7\u00e3o sobre a situa\u00e7\u00e3o atual ficaram est\u00e1veis no m\u00eas.<\/p>\n<p>Em junho, o \u00cdndice de Expectativas (IE) chegou a avan\u00e7ar 6 pontos, atingindo 77,1 pontos, o maior desde os 81,7 de janeiro de 2015. J\u00e1 o \u00cdndice da Situa\u00e7\u00e3o Atual (ISA), ficou praticamente est\u00e1vel entre um m\u00eas e outro, ao fechar em ligeira queda de 0,8 ponto percentual, entre maio e junho, atingindo 64,7 pontos.<\/p>\n<p>Na avalia\u00e7\u00e3o da coordenadora da Sondagem do Consumidor da FGV, Viviane Bittencourt, houve \u201cum descolamento\u201d entre as expectativas dos consumidores com rela\u00e7\u00e3o aos pr\u00f3ximos meses e a satisfa\u00e7\u00e3o com a situa\u00e7\u00e3o atual.<\/p>\n<p>\u201cEnquanto as primeiras [expectativas] avan\u00e7am expressivamente pelo segundo m\u00eas consecutivo, a outra revisita o m\u00ednimo hist\u00f3rico. Considerando que a confian\u00e7a do consumidor se mant\u00e9m baixa em termos hist\u00f3ricos, que a recupera\u00e7\u00e3o da economia deve ocorrer de forma lenta e que as fam\u00edlias ainda se encontram muito comprometidas com endividamentos contra\u00eddos no passado, acredito que ainda veremos alguns trimestres de queda do consumo das fam\u00edlias antes de retornarmos ao terreno positivo\u201c, afirma a coordenadora.<\/p>\n<p>Situa\u00e7\u00e3o Financeira das fam\u00edlias<\/p>\n<p>As avalia\u00e7\u00f5es manifestadas pela economista da FGV podem ser constatadas ao se analisar o indicador que mede o grau de satisfa\u00e7\u00e3o dos consumidores em rela\u00e7\u00e3o \u00e0 situa\u00e7\u00e3o financeira atual das fam\u00edlias, que caiu 2,4 pontos em junho. Para a funda\u00e7\u00e3o, o resultado reflete \u201cuma acomoda\u00e7\u00e3o no n\u00edvel m\u00ednimo hist\u00f3rico, ap\u00f3s o indicador ter avan\u00e7ado 2,7 pontos no m\u00eas de maio.\u201d<\/p>\n<p>J\u00e1 em rela\u00e7\u00e3o ao futuro, os consumidores tornaram-se menos pessimistas em rela\u00e7\u00e3o \u00e0 evolu\u00e7\u00e3o das finan\u00e7as familiares nos pr\u00f3ximos seis meses, uma vez que o indicador que mede o grau de otimismo com a evolu\u00e7\u00e3o da situa\u00e7\u00e3o financeira familiar chegou a subir 6,2 pontos, de maio para junho, passando de 75,6 para 81,8 pontos, o maior desde os 87.6 pontos de janeiro de 2015. Entre maio e junho, a parcela de consumidores projetando melhora avan\u00e7ou de 25,8% para 29,6%; enquanto a dos que preveem piora recuou de 8,8% para 9%.<\/p>\n<p>A alta da confian\u00e7a do consumidor esteve presente em junho em todas as quatro classes de renda pesquisadas, com a melhora mais expressiva ocorrendo entre os consumidores com renda familiar entre R$ 4.800,01 e R$ 9.600,00, em que o \u00cdndice de Confian\u00e7a do Consumidor aumentou 4,2 pontos.<\/p>\n<p>\u201cO resultado geral da pesquisa mostra que os consumidores est\u00e3o se tornando gradualmente menos pessimistas em rela\u00e7\u00e3o \u00e0 evolu\u00e7\u00e3o da economia e das finan\u00e7as pessoais, ainda que a percep\u00e7\u00e3o sobre as condi\u00e7\u00f5es presentes seja muito ruim, colaborando para manter o ICC em patamar historicamente baixo\u201d, finaliza a FGV.<\/p>\n<p>Em junho, a pesquisa Sondagem do Consumidor coletou informa\u00e7\u00f5es de 2.046 domic\u00edlios entre os dias 1 e 22 de junho.<\/p>\n<p>Nielmar de Oliveira \u2013 Rep\u00f3rter da Ag\u00eancia Brasil<br \/>\nEdi\u00e7\u00e3o: Maria Claudia<br \/>\n28\/06\/2016<\/p>\n","protected":false},"excerpt":{"rendered":"<p>A melhora na expectativa do consumidor fez subir o \u00cdndice de Confian\u00e7a do Consumidor (ICC) em 3,4 pontos entre maio e junho, passando de 67,9 para 71,3 pontos, o maior desde junho do ano passado. A constata\u00e7\u00e3o \u00e9 do Instituto Brasileiro de Economia da Funda\u00e7\u00e3o Getulio Vargas (Ibre-FGV) ao atribuir a alta exclusivamente \u00e0 melhora [&hellip;]<\/p>\n","protected":false},"author":2,"featured_media":57585,"comment_status":"open","ping_status":"closed","sticky":false,"template":"","format":"standard","meta":{"_genesis_hide_title":false,"_genesis_hide_breadcrumbs":false,"_genesis_hide_singular_image":false,"_genesis_hide_footer_widgets":false,"_genesis_custom_body_class":"","_genesis_custom_post_class":"","_genesis_layout":"","_jetpack_memberships_contains_paid_content":false,"footnotes":""},"categories":[22,7],"tags":[],"class_list":{"0":"post-89087","1":"post","2":"type-post","3":"status-publish","4":"format-standard","5":"has-post-thumbnail","7":"category-brasil","8":"category-economia","9":"entry","10":"gs-1","11":"gs-odd","12":"gs-even","13":"gs-featured-content-entry"},"jetpack_featured_media_url":"https:\/\/www.redenoticia.com.br\/noticia\/imagens\/analise-economia.jpg","jetpack_sharing_enabled":true,"jetpack_likes_enabled":true,"_links":{"self":[{"href":"https:\/\/www.redenoticia.com.br\/noticia\/wp-json\/wp\/v2\/posts\/89087","targetHints":{"allow":["GET"]}}],"collection":[{"href":"https:\/\/www.redenoticia.com.br\/noticia\/wp-json\/wp\/v2\/posts"}],"about":[{"href":"https:\/\/www.redenoticia.com.br\/noticia\/wp-json\/wp\/v2\/types\/post"}],"author":[{"embeddable":true,"href":"https:\/\/www.redenoticia.com.br\/noticia\/wp-json\/wp\/v2\/users\/2"}],"replies":[{"embeddable":true,"href":"https:\/\/www.redenoticia.com.br\/noticia\/wp-json\/wp\/v2\/comments?post=89087"}],"version-history":[{"count":0,"href":"https:\/\/www.redenoticia.com.br\/noticia\/wp-json\/wp\/v2\/posts\/89087\/revisions"}],"wp:featuredmedia":[{"embeddable":true,"href":"https:\/\/www.redenoticia.com.br\/noticia\/wp-json\/wp\/v2\/media\/57585"}],"wp:attachment":[{"href":"https:\/\/www.redenoticia.com.br\/noticia\/wp-json\/wp\/v2\/media?parent=89087"}],"wp:term":[{"taxonomy":"category","embeddable":true,"href":"https:\/\/www.redenoticia.com.br\/noticia\/wp-json\/wp\/v2\/categories?post=89087"},{"taxonomy":"post_tag","embeddable":true,"href":"https:\/\/www.redenoticia.com.br\/noticia\/wp-json\/wp\/v2\/tags?post=89087"}],"curies":[{"name":"wp","href":"https:\/\/api.w.org\/{rel}","templated":true}]}}