{"id":89083,"date":"2016-06-28T10:20:26","date_gmt":"2016-06-28T13:20:26","guid":{"rendered":"http:\/\/www.redenoticia.com.br\/noticia\/?p=89083"},"modified":"2016-06-27T17:21:38","modified_gmt":"2016-06-27T20:21:38","slug":"confianca-do-setor-de-construcao-cai-11-ponto-em-junho-mostra-fgv","status":"publish","type":"post","link":"https:\/\/www.redenoticia.com.br\/noticia\/2016\/confianca-do-setor-de-construcao-cai-11-ponto-em-junho-mostra-fgv\/89083","title":{"rendered":"Confian\u00e7a do setor de constru\u00e7\u00e3o cai 1,1 ponto em junho, mostra FGV"},"content":{"rendered":"<p> O <strong><em>\u00cdndice de Confian\u00e7a da Constru\u00e7\u00e3o<\/em><\/strong>, medido pelo Funda\u00e7\u00e3o Getulio Vargas (FGV), caiu 1,1 ponto em junho, atingindo 68 pontos. Nos \u00faltimos tr\u00eas meses, o setor havia registrado alta acumulada de 2,5 pontos.<\/p>\n<p>O \u00cdndice de Expectativas recuou tr\u00eas pontos, alcan\u00e7ando 74,9 pontos. Os dois quesitos que integram o \u00edndice recuaram, principalmente o que mede o otimismo com a situa\u00e7\u00e3o dos neg\u00f3cios nos pr\u00f3ximos seis meses, que variou -3,3 pontos.<\/p>\n<p>Houve alta de 0,8 ponto no \u00cdndice da Situa\u00e7\u00e3o Atual, atingindo 61,7 pontos, depois de cinco quedas consecutivas. O quesito que mais contribuiu para a alta foi o que mede o grau de satisfa\u00e7\u00e3o das empresas com a situa\u00e7\u00e3o atual dos neg\u00f3cios, com crescimento de 3,7 pontos em rela\u00e7\u00e3o a maio.<\/p>\n<p>Para o Instituto Brasileiro de Economia (Ibre) da FGV, a indefini\u00e7\u00e3o dos indicadores reflete o cen\u00e1rio nacional ainda dominado por incertezas. Segundo a pesquisa, 66,8% das empresas de constru\u00e7\u00e3o dizem que a execu\u00e7\u00e3o do programa de investimentos previstos para os pr\u00f3ximos 12 meses \u00e9 incerta.  <\/p>\n<p>\u00cdndice Nacional de Custo da Constru\u00e7\u00e3o<\/p>\n<p>O custo da constru\u00e7\u00e3o em todo o Brasil teve taxa de varia\u00e7\u00e3o de 1,52% em junho, acima do resultado do m\u00eas anterior, de 0,19%. O \u00edndice relativo a materiais, equipamentos e servi\u00e7os registrou varia\u00e7\u00e3o de 0,26%. No m\u00eas anterior, a taxa havia sido de 0,04%.<\/p>\n<p>O \u00edndice referente \u00e0 m\u00e3o de obra apresentou varia\u00e7\u00e3o de 2,64%. No m\u00eas anterior, a taxa foi de 0,32%. No grupo materiais e equipamentos, a varia\u00e7\u00e3o foi de 0,21%. No m\u00eas anterior, a taxa havia sido de 0,07%.<\/p>\n<p>A parcela relativa a servi\u00e7os passou de uma taxa de -0,07% em maio para 0,46% em junho. Nesse grupo, foi destaque a acelera\u00e7\u00e3o da taxa do subgrupo projetos, cuja varia\u00e7\u00e3o passou de -0,50% para 0,58%. O \u00edndice referente \u00e0 m\u00e3o de obra registrou varia\u00e7\u00e3o de 2,64%, devido aos reajustes salariais em S\u00e3o Paulo e no Rio de Janeiro. No m\u00eas anterior, a taxa de varia\u00e7\u00e3o foi de 0,32%.<\/p>\n<p>Fernanda Cruz &#8211; Rep\u00f3rter da Ag\u00eancia Brasil<br \/>\nEdi\u00e7\u00e3o: Gra\u00e7a Adjuto<br \/>\n28\/06\/2016<\/p>\n","protected":false},"excerpt":{"rendered":"<p>O \u00cdndice de Confian\u00e7a da Constru\u00e7\u00e3o, medido pelo Funda\u00e7\u00e3o Getulio Vargas (FGV), caiu 1,1 ponto em junho, atingindo 68 pontos. Nos \u00faltimos tr\u00eas meses, o setor havia registrado alta acumulada de 2,5 pontos. O \u00cdndice de Expectativas recuou tr\u00eas pontos, alcan\u00e7ando 74,9 pontos. Os dois quesitos que integram o \u00edndice recuaram, principalmente o que mede [&hellip;]<\/p>\n","protected":false},"author":2,"featured_media":57584,"comment_status":"open","ping_status":"closed","sticky":false,"template":"","format":"standard","meta":{"_genesis_hide_title":false,"_genesis_hide_breadcrumbs":false,"_genesis_hide_singular_image":false,"_genesis_hide_footer_widgets":false,"_genesis_custom_body_class":"","_genesis_custom_post_class":"","_genesis_layout":"","_jetpack_memberships_contains_paid_content":false,"footnotes":""},"categories":[22,7],"tags":[],"class_list":{"0":"post-89083","1":"post","2":"type-post","3":"status-publish","4":"format-standard","5":"has-post-thumbnail","7":"category-brasil","8":"category-economia","9":"entry","10":"gs-1","11":"gs-odd","12":"gs-even","13":"gs-featured-content-entry"},"jetpack_featured_media_url":"https:\/\/www.redenoticia.com.br\/noticia\/imagens\/economia-grafica-analise-inflacao.jpg","jetpack_sharing_enabled":true,"jetpack_likes_enabled":true,"_links":{"self":[{"href":"https:\/\/www.redenoticia.com.br\/noticia\/wp-json\/wp\/v2\/posts\/89083","targetHints":{"allow":["GET"]}}],"collection":[{"href":"https:\/\/www.redenoticia.com.br\/noticia\/wp-json\/wp\/v2\/posts"}],"about":[{"href":"https:\/\/www.redenoticia.com.br\/noticia\/wp-json\/wp\/v2\/types\/post"}],"author":[{"embeddable":true,"href":"https:\/\/www.redenoticia.com.br\/noticia\/wp-json\/wp\/v2\/users\/2"}],"replies":[{"embeddable":true,"href":"https:\/\/www.redenoticia.com.br\/noticia\/wp-json\/wp\/v2\/comments?post=89083"}],"version-history":[{"count":0,"href":"https:\/\/www.redenoticia.com.br\/noticia\/wp-json\/wp\/v2\/posts\/89083\/revisions"}],"wp:featuredmedia":[{"embeddable":true,"href":"https:\/\/www.redenoticia.com.br\/noticia\/wp-json\/wp\/v2\/media\/57584"}],"wp:attachment":[{"href":"https:\/\/www.redenoticia.com.br\/noticia\/wp-json\/wp\/v2\/media?parent=89083"}],"wp:term":[{"taxonomy":"category","embeddable":true,"href":"https:\/\/www.redenoticia.com.br\/noticia\/wp-json\/wp\/v2\/categories?post=89083"},{"taxonomy":"post_tag","embeddable":true,"href":"https:\/\/www.redenoticia.com.br\/noticia\/wp-json\/wp\/v2\/tags?post=89083"}],"curies":[{"name":"wp","href":"https:\/\/api.w.org\/{rel}","templated":true}]}}