{"id":88974,"date":"2016-06-27T10:26:49","date_gmt":"2016-06-27T13:26:49","guid":{"rendered":"http:\/\/www.redenoticia.com.br\/noticia\/?p=88974"},"modified":"2016-06-25T17:28:02","modified_gmt":"2016-06-25T20:28:02","slug":"brasil-fecha-726-mil-vagas-de-trabalho-com-carteira-assinada-em-maio","status":"publish","type":"post","link":"https:\/\/www.redenoticia.com.br\/noticia\/2016\/brasil-fecha-726-mil-vagas-de-trabalho-com-carteira-assinada-em-maio\/88974","title":{"rendered":"Brasil fecha 72,6 mil vagas de trabalho com carteira assinada em maio"},"content":{"rendered":"<p> Em maio, 72.615 vagas de empregos formais foram fechadas em todo o pa\u00eds, segundo dados do Cadastro Geral de <strong><em>Empregados e Desempregados<\/em><\/strong> (Caged) divulgados pelo Minist\u00e9rio do Trabalho. O resultado mant\u00e9m a tend\u00eancia de mais demiss\u00f5es que contrata\u00e7\u00f5es no mercado de trabalho. No acumulado de janeiro a maio, 448.011 postos de trabalho j\u00e1 foram fechados este ano.<\/p>\n<p>O resultado para o m\u00eas, no entanto, foi melhor que o do ano passado, quando 115.559 vagas foram fechadas em maio.<\/p>\n<p>Nos \u00faltimos doze meses, o pa\u00eds perdeu 1.781.906 empregos com carteira de trabalho assinada, o que corresponde a uma retra\u00e7\u00e3o de 4,34% do contingente trabalhadores formais. Com o resultado, o Brasil tem atualmente 39.244.949 trabalhadores com carteira de trabalho assinada.<\/p>\n<p>Setores<\/p>\n<p>O setor de servi\u00e7os registrou a maior queda de vagas formais em maio de 2016, com fechamento de 36.960 postos de trabalho. O com\u00e9rcio diminuiu o ritmo de perdas, com a redu\u00e7\u00e3o de 28.885 vagas em maio ante 30.507 postos fechados em abril. A ind\u00fastria de transforma\u00e7\u00e3o fechou 21.162 vagas contra 60.989 em abril.<\/p>\n<p>Seguindo a tend\u00eancia verificada em abril, a agricultura foi o setor que mais criou empregos no pa\u00eds em maio, com 43.117 novos postos de trabalho. No m\u00eas anterior, foram 8.051 novas vagas. O crescimento, segundo o Minist\u00e9rio do Trabalho, se deve \u00e0 sazonalidade ligada ao cultivo do caf\u00e9, principalmente nos estados de Minas Gerais, respons\u00e1vel por 20.308 postos, e S\u00e3o Paulo, com saldo positivo de 4.273 vagas. De acordo com o relat\u00f3rio, a administra\u00e7\u00e3o p\u00fablica tamb\u00e9m apresentou saldo positivo, com gera\u00e7\u00e3o de 1.391 postos em maio.<\/p>\n<p>O emprego formal apresentou resultado positivo em Minas Gerais (9.304), no Esp\u00edrito Santo (1.226), em Mato Grosso do Sul (562), Goi\u00e1s (153) e no Acre (147). Nos demais estados houve perda de postos de trabalho. No Rio Grande do Sul foi registrada a maior queda (-15.829), influenciado pelo fator sazonal da agricultura (-3.723 postos a menos no setor).<\/p>\n<p>Divulgado desde 1992, o Caged registra as contrata\u00e7\u00f5es e as demiss\u00f5es em empregos com carteira assinada com base em declara\u00e7\u00f5es enviadas pelos empregadores ao Minist\u00e9rio do Trabalho.<\/p>\n<p>Heloisa Cristaldo &#8211; Rep\u00f3rter da Ag\u00eancia Brasil<br \/>\nEdi\u00e7\u00e3o: Luana Louren\u00e7o<br \/>\n27\/06\/2016 <\/p>\n","protected":false},"excerpt":{"rendered":"<p>Em maio, 72.615 vagas de empregos formais foram fechadas em todo o pa\u00eds, segundo dados do Cadastro Geral de Empregados e Desempregados (Caged) divulgados pelo Minist\u00e9rio do Trabalho. O resultado mant\u00e9m a tend\u00eancia de mais demiss\u00f5es que contrata\u00e7\u00f5es no mercado de trabalho. No acumulado de janeiro a maio, 448.011 postos de trabalho j\u00e1 foram fechados [&hellip;]<\/p>\n","protected":false},"author":2,"featured_media":57583,"comment_status":"open","ping_status":"closed","sticky":false,"template":"","format":"standard","meta":{"_genesis_hide_title":false,"_genesis_hide_breadcrumbs":false,"_genesis_hide_singular_image":false,"_genesis_hide_footer_widgets":false,"_genesis_custom_body_class":"","_genesis_custom_post_class":"","_genesis_layout":"","_jetpack_memberships_contains_paid_content":false,"footnotes":""},"categories":[22,7],"tags":[],"class_list":{"0":"post-88974","1":"post","2":"type-post","3":"status-publish","4":"format-standard","5":"has-post-thumbnail","7":"category-brasil","8":"category-economia","9":"entry","10":"gs-1","11":"gs-odd","12":"gs-even","13":"gs-featured-content-entry"},"jetpack_featured_media_url":"https:\/\/www.redenoticia.com.br\/noticia\/imagens\/economia-grafico.jpg","jetpack_sharing_enabled":true,"jetpack_likes_enabled":true,"_links":{"self":[{"href":"https:\/\/www.redenoticia.com.br\/noticia\/wp-json\/wp\/v2\/posts\/88974","targetHints":{"allow":["GET"]}}],"collection":[{"href":"https:\/\/www.redenoticia.com.br\/noticia\/wp-json\/wp\/v2\/posts"}],"about":[{"href":"https:\/\/www.redenoticia.com.br\/noticia\/wp-json\/wp\/v2\/types\/post"}],"author":[{"embeddable":true,"href":"https:\/\/www.redenoticia.com.br\/noticia\/wp-json\/wp\/v2\/users\/2"}],"replies":[{"embeddable":true,"href":"https:\/\/www.redenoticia.com.br\/noticia\/wp-json\/wp\/v2\/comments?post=88974"}],"version-history":[{"count":0,"href":"https:\/\/www.redenoticia.com.br\/noticia\/wp-json\/wp\/v2\/posts\/88974\/revisions"}],"wp:featuredmedia":[{"embeddable":true,"href":"https:\/\/www.redenoticia.com.br\/noticia\/wp-json\/wp\/v2\/media\/57583"}],"wp:attachment":[{"href":"https:\/\/www.redenoticia.com.br\/noticia\/wp-json\/wp\/v2\/media?parent=88974"}],"wp:term":[{"taxonomy":"category","embeddable":true,"href":"https:\/\/www.redenoticia.com.br\/noticia\/wp-json\/wp\/v2\/categories?post=88974"},{"taxonomy":"post_tag","embeddable":true,"href":"https:\/\/www.redenoticia.com.br\/noticia\/wp-json\/wp\/v2\/tags?post=88974"}],"curies":[{"name":"wp","href":"https:\/\/api.w.org\/{rel}","templated":true}]}}