{"id":88972,"date":"2016-06-27T10:25:38","date_gmt":"2016-06-27T13:25:38","guid":{"rendered":"http:\/\/www.redenoticia.com.br\/noticia\/?p=88972"},"modified":"2016-06-25T17:26:45","modified_gmt":"2016-06-25T20:26:45","slug":"bc-contas-externas-tem-saldo-positivo-pelo-segundo-mes-consecutivo","status":"publish","type":"post","link":"https:\/\/www.redenoticia.com.br\/noticia\/2016\/bc-contas-externas-tem-saldo-positivo-pelo-segundo-mes-consecutivo\/88972","title":{"rendered":"BC: contas externas t\u00eam saldo positivo pelo segundo m\u00eas consecutivo"},"content":{"rendered":"<p> O pa\u00eds registrou saldo positivo nas <strong><em>contas externas<\/em><\/strong> pelo segundo m\u00eas seguido, divulgou o Banco Central (BC). Em maio, o super\u00e1vit em transa\u00e7\u00f5es correntes, que s\u00e3o as compras e as vendas de mercadorias e servi\u00e7os e transfer\u00eancias de renda do pa\u00eds com o mundo, ficou em US$ 1,2 bilh\u00e3o. Em abril, o resultado positivo chegou a US$ 412 milh\u00f5es.<\/p>\n<p>O resultado positivo de maio \u00e9 o maior registrado na s\u00e9rie do BC, desde agosto de 2007, quando ficou em US$ 1,233 bilh\u00e3o. Nos cinco meses do ano, houve d\u00e9ficit de US$ 5,966 bilh\u00f5es, resultado bem menor do que o registrado em igual per\u00edodo de 2015 (US$ 35,325 bilh\u00f5es).<\/p>\n<p>Segundo o chefe do Departamento Econ\u00f4mico do BC, Tulio Maciel, o resultado de maio surpreendeu, j\u00e1 que a proje\u00e7\u00e3o para o m\u00eas era de d\u00e9ficit de US$ 200 milh\u00f5es. Maciel disse que o resultado da balan\u00e7a comercial, com super\u00e1vit de US$ 6,251 bilh\u00f5es foi melhor que o esperado e levou ao saldo positivo das transa\u00e7\u00f5es correntes. \u201cBasicamente o que surpreendeu, no m\u00eas, foi o melhor desempenho da balan\u00e7a comercial, com um saldo no m\u00eas mais significativo\u201d, disse.<\/p>\n<p>Para junho, o BC espera que as transa\u00e7\u00f5es correntes voltem a registrar d\u00e9ficit devido a redu\u00e7\u00e3o do saldo da balan\u00e7a comercial, comum nessa \u00e9poca do ano, influenciada pelo agroneg\u00f3cio. O BC prev\u00ea d\u00e9ficit em transa\u00e7\u00f5es correntes de US$ 1 bilh\u00e3o neste m\u00eas.<\/p>\n<p>Proje\u00e7\u00f5es<\/p>\n<p>O Banco Central reduziu a proje\u00e7\u00e3o para o saldo negativo das contas externas, este ano, de US$ 25 bilh\u00f5es para US$ 15 bilh\u00f5es.<\/p>\n<p>Em rela\u00e7\u00e3o a tudo o que o pa\u00eds produz, o Produto Interno Bruto (PIB), o saldo negativo deve corresponder a 0,87%, contra 1,48% previstos em mar\u00e7o pelo BC.<\/p>\n<p>O resultado esperado para a balan\u00e7a comercial contribuiu para melhorar a conta de transa\u00e7\u00f5es correntes. A estimativa para o super\u00e1vit comercial passou de US$ 40 bilh\u00f5es para US$ 50 bilh\u00f5es neste ano.<\/p>\n<p>A conta de servi\u00e7os (viagens internacionais, transportes, aluguel de equipamentos, seguros, entre outros) deve apresentar resultado negativo de US$ 28,3 bilh\u00f5es. A estimativa anterior era US$ 28,6 bilh\u00f5es.<\/p>\n<p>Segundo Maciel, o saldo negativo da conta de servi\u00e7os tem se reduzido, mas a queda foi maior no in\u00edcio do ano. \u201cEst\u00e1 diminuindo, mas esse ritmo de redu\u00e7\u00e3o \u00e9 cada vez menor\u201d, ressaltou. Maciel citou que a conta de viagens internacionais (receitas de estrangeiros no Brasil e despesas de brasileiros no exterior), integrante dos servi\u00e7os, teve uma contra\u00e7\u00e3o \u201cbem acentuada no in\u00edcio do ano\u201d. \u201cEssa contra\u00e7\u00e3o persiste, mas em ritmo menor \u00e0 medida em que estamos avan\u00e7ando em 2016. Claro, a taxa de c\u00e2mbio tem papel determinante nesse fluxo\u201d, disse.<\/p>\n<p>No balan\u00e7o das transa\u00e7\u00f5es correntes, a conta de renda prim\u00e1ria (lucros e dividendos, pagamentos de juros e sal\u00e1rios) deve apresentar saldo negativo de US$ 39,7 bilh\u00f5es, contra US$ 39,3 bilh\u00f5es previstos anteriormente.<\/p>\n<p>A conta de renda secund\u00e1ria (renda gerada em uma economia e distribu\u00edda para outra, como doa\u00e7\u00f5es e remessas de d\u00f3lares, sem contrapartida de servi\u00e7os ou bens) deve registrar saldo positivo de US$ 3 bilh\u00f5es, ante US$ 2,9 bilh\u00f5es previstos em mar\u00e7o.<\/p>\n<p>Quando o pa\u00eds registra saldo negativo em transa\u00e7\u00f5es correntes, precisa cobrir esse d\u00e9ficit com investimentos ou empr\u00e9stimos no exterior. A melhor forma de financiamento do saldo negativo \u00e9 o investimento direto no pa\u00eds (IDP), porque recursos s\u00e3o aplicados no setor produtivo do pa\u00eds.<\/p>\n<p>A proje\u00e7\u00e3o do BC \u00e9 que, este ano, esses recursos sejam mais que suficientes para cobrir o saldo negativo das contas externas porque devem chegar a US$ 70 bilh\u00f5es. A previs\u00e3o anterior era US$ 60 bilh\u00f5es.<\/p>\n<p> Kelly Oliveira \u2013 Rep\u00f3rter da Ag\u00eancia Brasil<br \/>\nEdi\u00e7\u00e3o: Maria Claudia<br \/>\n27\/06\/2016<\/p>\n","protected":false},"excerpt":{"rendered":"<p>O pa\u00eds registrou saldo positivo nas contas externas pelo segundo m\u00eas seguido, divulgou o Banco Central (BC). Em maio, o super\u00e1vit em transa\u00e7\u00f5es correntes, que s\u00e3o as compras e as vendas de mercadorias e servi\u00e7os e transfer\u00eancias de renda do pa\u00eds com o mundo, ficou em US$ 1,2 bilh\u00e3o. Em abril, o resultado positivo chegou [&hellip;]<\/p>\n","protected":false},"author":2,"featured_media":40734,"comment_status":"open","ping_status":"closed","sticky":false,"template":"","format":"standard","meta":{"_genesis_hide_title":false,"_genesis_hide_breadcrumbs":false,"_genesis_hide_singular_image":false,"_genesis_hide_footer_widgets":false,"_genesis_custom_body_class":"","_genesis_custom_post_class":"","_genesis_layout":"","_jetpack_memberships_contains_paid_content":false,"footnotes":""},"categories":[22,7],"tags":[],"class_list":{"0":"post-88972","1":"post","2":"type-post","3":"status-publish","4":"format-standard","5":"has-post-thumbnail","7":"category-brasil","8":"category-economia","9":"entry","10":"gs-1","11":"gs-odd","12":"gs-even","13":"gs-featured-content-entry"},"jetpack_featured_media_url":"https:\/\/www.redenoticia.com.br\/noticia\/imagens\/economia-resultados.jpg","jetpack_sharing_enabled":true,"jetpack_likes_enabled":true,"_links":{"self":[{"href":"https:\/\/www.redenoticia.com.br\/noticia\/wp-json\/wp\/v2\/posts\/88972","targetHints":{"allow":["GET"]}}],"collection":[{"href":"https:\/\/www.redenoticia.com.br\/noticia\/wp-json\/wp\/v2\/posts"}],"about":[{"href":"https:\/\/www.redenoticia.com.br\/noticia\/wp-json\/wp\/v2\/types\/post"}],"author":[{"embeddable":true,"href":"https:\/\/www.redenoticia.com.br\/noticia\/wp-json\/wp\/v2\/users\/2"}],"replies":[{"embeddable":true,"href":"https:\/\/www.redenoticia.com.br\/noticia\/wp-json\/wp\/v2\/comments?post=88972"}],"version-history":[{"count":0,"href":"https:\/\/www.redenoticia.com.br\/noticia\/wp-json\/wp\/v2\/posts\/88972\/revisions"}],"wp:featuredmedia":[{"embeddable":true,"href":"https:\/\/www.redenoticia.com.br\/noticia\/wp-json\/wp\/v2\/media\/40734"}],"wp:attachment":[{"href":"https:\/\/www.redenoticia.com.br\/noticia\/wp-json\/wp\/v2\/media?parent=88972"}],"wp:term":[{"taxonomy":"category","embeddable":true,"href":"https:\/\/www.redenoticia.com.br\/noticia\/wp-json\/wp\/v2\/categories?post=88972"},{"taxonomy":"post_tag","embeddable":true,"href":"https:\/\/www.redenoticia.com.br\/noticia\/wp-json\/wp\/v2\/tags?post=88972"}],"curies":[{"name":"wp","href":"https:\/\/api.w.org\/{rel}","templated":true}]}}