{"id":88968,"date":"2016-06-27T10:23:35","date_gmt":"2016-06-27T13:23:35","guid":{"rendered":"http:\/\/www.redenoticia.com.br\/noticia\/?p=88968"},"modified":"2016-06-25T17:24:27","modified_gmt":"2016-06-25T20:24:27","slug":"brasileiros-preveem-inflacao-de-105-para-os-proximos-12-meses","status":"publish","type":"post","link":"https:\/\/www.redenoticia.com.br\/noticia\/2016\/brasileiros-preveem-inflacao-de-105-para-os-proximos-12-meses\/88968","title":{"rendered":"Brasileiros preveem infla\u00e7\u00e3o de 10,5% para os pr\u00f3ximos 12 meses"},"content":{"rendered":"<p> Os consumidores brasileiros preveem uma <strong><em>infla\u00e7\u00e3o<\/em><\/strong> de 10,5% nos pr\u00f3ximos 12 meses. A estimativa, da pesquisa Expectativa de Infla\u00e7\u00e3o dos Consumidores, realizada neste m\u00eas pela Funda\u00e7\u00e3o Getulio Vargas (FGV), \u00e9 0,2 ponto percentual superior \u00e0 registrada no levantamento de maio (10,3%) e interrompe uma trajet\u00f3ria de tr\u00eas meses de queda.<\/p>\n<p> A maior eleva\u00e7\u00e3o da expectativa de infla\u00e7\u00e3o ocorreu entre os consumidores da faixa de renda mais baixa. Entre eles, a taxa cresceu 0,6 ponto percentual e chegou a 11,3%.<\/p>\n<p>De acordo com a FGV, a leve alta de 0,2 ponto percentual est\u00e1 dentro da margem de erro estat\u00edstico. A interrup\u00e7\u00e3o da trajet\u00f3ria de queda pode ser efeito da taxa de 0,78% da infla\u00e7\u00e3o oficial, medida pelo \u00cdndice Nacional de Pre\u00e7os ao Consumidor Amplo (IPCA) em maio e pelo grande aumento dos pre\u00e7os dos alimentos in natura.<\/p>\n<p>Outro destaque dos dados \u00e9 que os cariocas estimaram, na pesquisa de junho, uma taxa de infla\u00e7\u00e3o 0,7 ponto percentual acima do resultado de maio. A FGV acredita que isso tenha rela\u00e7\u00e3o com a expectativa de aumento de pre\u00e7os durante os Jogos Ol\u00edmpicos que ocorrer\u00e3o no Rio em agosto.<\/p>\n<p>Vitor Abdala \u2013 Rep\u00f3rter da Ag\u00eancia Brasil<br \/>\nEdi\u00e7\u00e3o: Gra\u00e7a Adjuto<br \/>\n27\/06\/2016<\/p>\n","protected":false},"excerpt":{"rendered":"<p>Os consumidores brasileiros preveem uma infla\u00e7\u00e3o de 10,5% nos pr\u00f3ximos 12 meses. A estimativa, da pesquisa Expectativa de Infla\u00e7\u00e3o dos Consumidores, realizada neste m\u00eas pela Funda\u00e7\u00e3o Getulio Vargas (FGV), \u00e9 0,2 ponto percentual superior \u00e0 registrada no levantamento de maio (10,3%) e interrompe uma trajet\u00f3ria de tr\u00eas meses de queda. A maior eleva\u00e7\u00e3o da expectativa [&hellip;]<\/p>\n","protected":false},"author":2,"featured_media":34916,"comment_status":"open","ping_status":"closed","sticky":false,"template":"","format":"standard","meta":{"_genesis_hide_title":false,"_genesis_hide_breadcrumbs":false,"_genesis_hide_singular_image":false,"_genesis_hide_footer_widgets":false,"_genesis_custom_body_class":"","_genesis_custom_post_class":"","_genesis_layout":"","_jetpack_memberships_contains_paid_content":false,"footnotes":""},"categories":[22,7],"tags":[],"class_list":{"0":"post-88968","1":"post","2":"type-post","3":"status-publish","4":"format-standard","5":"has-post-thumbnail","7":"category-brasil","8":"category-economia","9":"entry","10":"gs-1","11":"gs-odd","12":"gs-even","13":"gs-featured-content-entry"},"jetpack_featured_media_url":"https:\/\/www.redenoticia.com.br\/noticia\/imagens\/inflacao.jpg","jetpack_sharing_enabled":true,"jetpack_likes_enabled":true,"_links":{"self":[{"href":"https:\/\/www.redenoticia.com.br\/noticia\/wp-json\/wp\/v2\/posts\/88968","targetHints":{"allow":["GET"]}}],"collection":[{"href":"https:\/\/www.redenoticia.com.br\/noticia\/wp-json\/wp\/v2\/posts"}],"about":[{"href":"https:\/\/www.redenoticia.com.br\/noticia\/wp-json\/wp\/v2\/types\/post"}],"author":[{"embeddable":true,"href":"https:\/\/www.redenoticia.com.br\/noticia\/wp-json\/wp\/v2\/users\/2"}],"replies":[{"embeddable":true,"href":"https:\/\/www.redenoticia.com.br\/noticia\/wp-json\/wp\/v2\/comments?post=88968"}],"version-history":[{"count":0,"href":"https:\/\/www.redenoticia.com.br\/noticia\/wp-json\/wp\/v2\/posts\/88968\/revisions"}],"wp:featuredmedia":[{"embeddable":true,"href":"https:\/\/www.redenoticia.com.br\/noticia\/wp-json\/wp\/v2\/media\/34916"}],"wp:attachment":[{"href":"https:\/\/www.redenoticia.com.br\/noticia\/wp-json\/wp\/v2\/media?parent=88968"}],"wp:term":[{"taxonomy":"category","embeddable":true,"href":"https:\/\/www.redenoticia.com.br\/noticia\/wp-json\/wp\/v2\/categories?post=88968"},{"taxonomy":"post_tag","embeddable":true,"href":"https:\/\/www.redenoticia.com.br\/noticia\/wp-json\/wp\/v2\/tags?post=88968"}],"curies":[{"name":"wp","href":"https:\/\/api.w.org\/{rel}","templated":true}]}}