{"id":88860,"date":"2016-06-24T10:30:05","date_gmt":"2016-06-24T13:30:05","guid":{"rendered":"http:\/\/www.redenoticia.com.br\/noticia\/?p=88860"},"modified":"2016-06-23T19:59:56","modified_gmt":"2016-06-23T22:59:56","slug":"bilhete-unico-para-transporte-na-olimpiada-comeca-a-ser-vendido-pela-internet","status":"publish","type":"post","link":"https:\/\/www.redenoticia.com.br\/noticia\/2016\/bilhete-unico-para-transporte-na-olimpiada-comeca-a-ser-vendido-pela-internet\/88860","title":{"rendered":"Bilhete \u00fanico para transporte na Olimp\u00edada come\u00e7a a ser vendido pela internet"},"content":{"rendered":"<p> Os cart\u00f5es <strong><em>Riocard<\/em><\/strong> das Olimp\u00edadas e Paralimp\u00edadas Rio 2016, destinados ao transporte durante os Jogos, j\u00e1 est\u00e3o \u00e0 venda no site . Os bilhetes valem para \u00f4nibus municipais, BRT, trens e metr\u00f4, mas n\u00e3o inclui as barcas, transportes intermunicipais e o VLT (Ve\u00edculo Leve sobre Trilhos). Esses t\u00edquetes ser\u00e3o os \u00fanicos aceitos na Linha 4 do metr\u00f4 e ao BRT Transol\u00edmpica durante os dias da competi\u00e7\u00e3o. O secret\u00e1rio de Governo da prefeitura do Rio, Rafael Picciani, explicou que h\u00e1 op\u00e7\u00e3o de bilhete com validade de um dia (R$ 25), tr\u00eas dias (R$ 70) e de sete dias (R$ 160).<\/p>\n<p>\u201cO cart\u00e3o vai permitir que o cidad\u00e3o fa\u00e7a todos os deslocamentos em fun\u00e7\u00e3o dos locais de competi\u00e7\u00e3o, de forma segura, confort\u00e1vel, sem se preocupar em adquirir novo bilhete a cada momento, lembrando que a \u00fanica forma de se acessar os locais de competi\u00e7\u00e3o \u00e9 pelo transporte p\u00fablico\u201d, disse Picciani. A utiliza\u00e7\u00e3o do cart\u00e3o s\u00f3 poder\u00e1 ser feita, no mesmo local, a cada 30 minutos.<\/p>\n<p>Outro servi\u00e7o exclusivo para quem tiver o bilhete especial das olimp\u00edadas ser\u00e1 o transporte do Jardim Oce\u00e2nico \u2013 no Lote Zero da Transoeste \u2013 ao Parque Ol\u00edmpico e ao Golfe Ol\u00edmpico.<br \/>\nO site permite a compra de at\u00e9 15 cart\u00f5es, mas empresas n\u00e3o t\u00eam limite de compra. A taxa de entrega \u00e9 de R$ 29, 37 e o prazo de entrega \u00e9 de cinco dias \u00fateis. As entregas ser\u00e3o feitas em todo o pa\u00eds at\u00e9 o dia 20 de julho e depois desta data, apenas no Rio de Janeiro. Os cr\u00e9ditos desses cart\u00f5es valem de 1\u00ba de agosto a 18 de setembro.<\/p>\n<p>A partir de 15 de julho, cerca de 80 postos de venda v\u00e3o oferecer o cart\u00e3o, como a rodovi\u00e1ria, os aeroportos, algumas esta\u00e7\u00f5es de metr\u00f4, entre outros.<\/p>\n<p>Fl\u00e1via Villela &#8211; Rep\u00f3rter da Ag\u00eancia Brasil<br \/>\nEdi\u00e7\u00e3o: Talita Cavalcante<br \/>\n24\/06\/2016<\/p>\n","protected":false},"excerpt":{"rendered":"<p>Os cart\u00f5es Riocard das Olimp\u00edadas e Paralimp\u00edadas Rio 2016, destinados ao transporte durante os Jogos, j\u00e1 est\u00e3o \u00e0 venda no site . Os bilhetes valem para \u00f4nibus municipais, BRT, trens e metr\u00f4, mas n\u00e3o inclui as barcas, transportes intermunicipais e o VLT (Ve\u00edculo Leve sobre Trilhos). Esses t\u00edquetes ser\u00e3o os \u00fanicos aceitos na Linha 4 [&hellip;]<\/p>\n","protected":false},"author":2,"featured_media":39880,"comment_status":"open","ping_status":"closed","sticky":false,"template":"","format":"standard","meta":{"_genesis_hide_title":false,"_genesis_hide_breadcrumbs":false,"_genesis_hide_singular_image":false,"_genesis_hide_footer_widgets":false,"_genesis_custom_body_class":"","_genesis_custom_post_class":"","_genesis_layout":"","_jetpack_memberships_contains_paid_content":false,"footnotes":""},"categories":[22],"tags":[],"class_list":{"0":"post-88860","1":"post","2":"type-post","3":"status-publish","4":"format-standard","5":"has-post-thumbnail","7":"category-brasil","8":"entry","9":"gs-1","10":"gs-odd","11":"gs-even","12":"gs-featured-content-entry"},"jetpack_featured_media_url":"https:\/\/www.redenoticia.com.br\/noticia\/imagens\/olimpiadas.jpg","jetpack_sharing_enabled":true,"jetpack_likes_enabled":true,"_links":{"self":[{"href":"https:\/\/www.redenoticia.com.br\/noticia\/wp-json\/wp\/v2\/posts\/88860","targetHints":{"allow":["GET"]}}],"collection":[{"href":"https:\/\/www.redenoticia.com.br\/noticia\/wp-json\/wp\/v2\/posts"}],"about":[{"href":"https:\/\/www.redenoticia.com.br\/noticia\/wp-json\/wp\/v2\/types\/post"}],"author":[{"embeddable":true,"href":"https:\/\/www.redenoticia.com.br\/noticia\/wp-json\/wp\/v2\/users\/2"}],"replies":[{"embeddable":true,"href":"https:\/\/www.redenoticia.com.br\/noticia\/wp-json\/wp\/v2\/comments?post=88860"}],"version-history":[{"count":0,"href":"https:\/\/www.redenoticia.com.br\/noticia\/wp-json\/wp\/v2\/posts\/88860\/revisions"}],"wp:featuredmedia":[{"embeddable":true,"href":"https:\/\/www.redenoticia.com.br\/noticia\/wp-json\/wp\/v2\/media\/39880"}],"wp:attachment":[{"href":"https:\/\/www.redenoticia.com.br\/noticia\/wp-json\/wp\/v2\/media?parent=88860"}],"wp:term":[{"taxonomy":"category","embeddable":true,"href":"https:\/\/www.redenoticia.com.br\/noticia\/wp-json\/wp\/v2\/categories?post=88860"},{"taxonomy":"post_tag","embeddable":true,"href":"https:\/\/www.redenoticia.com.br\/noticia\/wp-json\/wp\/v2\/tags?post=88860"}],"curies":[{"name":"wp","href":"https:\/\/api.w.org\/{rel}","templated":true}]}}