{"id":88858,"date":"2016-06-24T10:25:20","date_gmt":"2016-06-24T13:25:20","guid":{"rendered":"http:\/\/www.redenoticia.com.br\/noticia\/?p=88858"},"modified":"2016-06-23T19:59:00","modified_gmt":"2016-06-23T22:59:00","slug":"federacao-diz-que-atletas-russos-podem-competir-pela-bandeira-olimpica","status":"publish","type":"post","link":"https:\/\/www.redenoticia.com.br\/noticia\/2016\/federacao-diz-que-atletas-russos-podem-competir-pela-bandeira-olimpica\/88858","title":{"rendered":"Federa\u00e7\u00e3o diz que atletas russos podem competir pela bandeira ol\u00edmpica"},"content":{"rendered":"<p> A Federa\u00e7\u00e3o Internacional de <strong><em>Atletismo<\/em><\/strong> (Iaaf) divulgou uma lista com orienta\u00e7\u00f5es aos atletas russos que quiserem competir nos Jogos Rio 2016. Esses atletas precisam provar que n\u00e3o estiveram envolvidos no sistema de dopagem da Federa\u00e7\u00e3o Russa de Atletismo (Rusaf) e, caso possam competir, o far\u00e3o sob a bandeira ol\u00edmpica. Ou seja, n\u00e3o representar\u00e3o a R\u00fassia nos jogos.<\/p>\n<p>\u201cSe houver quaisquer atletas individuais que possam mostrar, de forma clara e convincente, que n\u00e3o est\u00e3o contaminados pelo sistema russo, porque t\u00eam estado fora do pa\u00eds e sujeitos a outros sistemas antidoping eficazes, ent\u00e3o eles est\u00e3o aptos a requerer permiss\u00e3o para competir em competi\u00e7\u00f5es internacionais, n\u00e3o pela R\u00fassia, mas como um atleta neutro\u201d, disse a Iaaf.<\/p>\n<p>Na semana passada, a Iaaf decidiu manter a suspens\u00e3o \u00e0 R\u00fassia por den\u00fancias que apontam para um esquema sistem\u00e1tico de dopagem na modalidade. \u00cdcone do atletismo russo, a recordista mundial no salto com vara Yelena Isinbayeva \u00e9 uma das atletas que poder\u00e1 requerer participa\u00e7\u00e3o nos Jogos Ol\u00edmpicos do Rio de Janeiro.<\/p>\n<p>A atleta questiona o afastamento de todo o atletismo do pa\u00eds dos Jogos do Rio e pede a revis\u00e3o da puni\u00e7\u00e3o. Em um artigo publicado no jornal The New York Times, Yelena Isinbayeva escreveu que s\u00f3 admite saltar no Rio de Janeiro sob as cores de sua na\u00e7\u00e3o.<\/p>\n<p>\u201cSugeriram que eu competisse sob a bandeira do Comit\u00ea Ol\u00edmpico Internacional. Mas isto n\u00e3o parece uma possibilidade. Se eu competir, ser\u00e1 como uma russa. Se todo o time russo est\u00e1 suspenso, eu estarei suspensa tamb\u00e9m\u201d, disse a atleta.<\/p>\n<p>O artigo, publicado no \u00faltimo dia 15, leva o t\u00edtulo \u201cDeixem-me competir no Rio\u201d. A atleta diz ainda que essa seria sua quinta e \u00faltima Olimp\u00edada e que, ao longo dos quase 20 anos de carreira, nunca falhou em qualquer teste antidoping. \u201c\u00c9 por causa das a\u00e7\u00f5es repreensivas de tais pessoas que eu estou nessa situa\u00e7\u00e3o, lutando pelo direito de competir\u201d.<\/p>\n<p>Marcelo Brand\u00e3o \u2013 Rep\u00f3rter da Ag\u00eancia Brasil<br \/>\nEdi\u00e7\u00e3o: Lana Cristina<br \/>\n24\/06\/2016<\/p>\n","protected":false},"excerpt":{"rendered":"<p>A Federa\u00e7\u00e3o Internacional de Atletismo (Iaaf) divulgou uma lista com orienta\u00e7\u00f5es aos atletas russos que quiserem competir nos Jogos Rio 2016. Esses atletas precisam provar que n\u00e3o estiveram envolvidos no sistema de dopagem da Federa\u00e7\u00e3o Russa de Atletismo (Rusaf) e, caso possam competir, o far\u00e3o sob a bandeira ol\u00edmpica. Ou seja, n\u00e3o representar\u00e3o a R\u00fassia [&hellip;]<\/p>\n","protected":false},"author":2,"featured_media":21774,"comment_status":"open","ping_status":"closed","sticky":false,"template":"","format":"standard","meta":{"_genesis_hide_title":false,"_genesis_hide_breadcrumbs":false,"_genesis_hide_singular_image":false,"_genesis_hide_footer_widgets":false,"_genesis_custom_body_class":"","_genesis_custom_post_class":"","_genesis_layout":"","_jetpack_memberships_contains_paid_content":false,"footnotes":""},"categories":[22],"tags":[],"class_list":{"0":"post-88858","1":"post","2":"type-post","3":"status-publish","4":"format-standard","5":"has-post-thumbnail","7":"category-brasil","8":"entry","9":"gs-1","10":"gs-odd","11":"gs-even","12":"gs-featured-content-entry"},"jetpack_featured_media_url":"https:\/\/www.redenoticia.com.br\/noticia\/imagens\/corpo-em-forma-verao.jpg","jetpack_sharing_enabled":true,"jetpack_likes_enabled":true,"_links":{"self":[{"href":"https:\/\/www.redenoticia.com.br\/noticia\/wp-json\/wp\/v2\/posts\/88858","targetHints":{"allow":["GET"]}}],"collection":[{"href":"https:\/\/www.redenoticia.com.br\/noticia\/wp-json\/wp\/v2\/posts"}],"about":[{"href":"https:\/\/www.redenoticia.com.br\/noticia\/wp-json\/wp\/v2\/types\/post"}],"author":[{"embeddable":true,"href":"https:\/\/www.redenoticia.com.br\/noticia\/wp-json\/wp\/v2\/users\/2"}],"replies":[{"embeddable":true,"href":"https:\/\/www.redenoticia.com.br\/noticia\/wp-json\/wp\/v2\/comments?post=88858"}],"version-history":[{"count":0,"href":"https:\/\/www.redenoticia.com.br\/noticia\/wp-json\/wp\/v2\/posts\/88858\/revisions"}],"wp:featuredmedia":[{"embeddable":true,"href":"https:\/\/www.redenoticia.com.br\/noticia\/wp-json\/wp\/v2\/media\/21774"}],"wp:attachment":[{"href":"https:\/\/www.redenoticia.com.br\/noticia\/wp-json\/wp\/v2\/media?parent=88858"}],"wp:term":[{"taxonomy":"category","embeddable":true,"href":"https:\/\/www.redenoticia.com.br\/noticia\/wp-json\/wp\/v2\/categories?post=88858"},{"taxonomy":"post_tag","embeddable":true,"href":"https:\/\/www.redenoticia.com.br\/noticia\/wp-json\/wp\/v2\/tags?post=88858"}],"curies":[{"name":"wp","href":"https:\/\/api.w.org\/{rel}","templated":true}]}}