{"id":88856,"date":"2016-06-24T10:17:09","date_gmt":"2016-06-24T13:17:09","guid":{"rendered":"http:\/\/www.redenoticia.com.br\/noticia\/?p=88856"},"modified":"2016-06-23T19:53:16","modified_gmt":"2016-06-23T22:53:16","slug":"sisu-instituicoes-de-ensino-comecam-a-convocar-estudantes-em-lista-de-espera","status":"publish","type":"post","link":"https:\/\/www.redenoticia.com.br\/noticia\/2016\/sisu-instituicoes-de-ensino-comecam-a-convocar-estudantes-em-lista-de-espera\/88856","title":{"rendered":"Sisu: institui\u00e7\u00f5es de ensino come\u00e7am a convocar estudantes em lista de espera"},"content":{"rendered":"<p> Os candidatos em lista de espera do Sistema de Sele\u00e7\u00e3o Unificada (<strong><em>Sisu<\/em><\/strong>) come\u00e7aram a ser convocados pelas institui\u00e7\u00f5es de ensino. Os estudantes devem ficar atentos e acompanhar a convoca\u00e7\u00e3o na institui\u00e7\u00e3o para a qual se candidataram.<\/p>\n<p>O Sisu seleciona candidatos \u00e0s vagas em universidades federais e estaduais e institutos federais de Educa\u00e7\u00e3o, Ci\u00eancia e Tecnologia com base na nota do Exame Nacional do Ensino M\u00e9dio (Enem). Puderam participar do Sisu os estudantes que fizeram o Enem de 2015 e n\u00e3o tiraram 0 na reda\u00e7\u00e3o.<\/p>\n<p>O prazo para se inscrever na lista de espera terminou no \u00falimo dia 17. Puderam participar tanto os candidatos que n\u00e3o foram selecionados em nenhuma das op\u00e7\u00f5es na chamada regular quanto aqueles selecionados na segunda op\u00e7\u00e3o, independentemente de terem feito a matr\u00edcula. A participa\u00e7\u00e3o na lista de espera est\u00e1 restrita \u00e0 primeira op\u00e7\u00e3o de vaga do candidato.<\/p>\n<p>Nesta edi\u00e7\u00e3o foram ofertadas 56.422 vagas, em 65 institui\u00e7\u00f5es p\u00fablicas de ensino superior.<\/p>\n<p>Mariana Tokarnia &#8211; Rep\u00f3rter da Ag\u00eancia Brasil<br \/>\nEdi\u00e7\u00e3o: Gra\u00e7a Adjuto<br \/>\n24\/06\/2016<\/p>\n","protected":false},"excerpt":{"rendered":"<p>Os candidatos em lista de espera do Sistema de Sele\u00e7\u00e3o Unificada (Sisu) come\u00e7aram a ser convocados pelas institui\u00e7\u00f5es de ensino. Os estudantes devem ficar atentos e acompanhar a convoca\u00e7\u00e3o na institui\u00e7\u00e3o para a qual se candidataram. O Sisu seleciona candidatos \u00e0s vagas em universidades federais e estaduais e institutos federais de Educa\u00e7\u00e3o, Ci\u00eancia e Tecnologia [&hellip;]<\/p>\n","protected":false},"author":2,"featured_media":22752,"comment_status":"open","ping_status":"closed","sticky":false,"template":"","format":"standard","meta":{"_genesis_hide_title":false,"_genesis_hide_breadcrumbs":false,"_genesis_hide_singular_image":false,"_genesis_hide_footer_widgets":false,"_genesis_custom_body_class":"","_genesis_custom_post_class":"","_genesis_layout":"","_jetpack_memberships_contains_paid_content":false,"footnotes":""},"categories":[22],"tags":[],"class_list":{"0":"post-88856","1":"post","2":"type-post","3":"status-publish","4":"format-standard","5":"has-post-thumbnail","7":"category-brasil","8":"entry","9":"gs-1","10":"gs-odd","11":"gs-even","12":"gs-featured-content-entry"},"jetpack_featured_media_url":"https:\/\/www.redenoticia.com.br\/noticia\/imagens\/sisu-enem-mec.jpg","jetpack_sharing_enabled":true,"jetpack_likes_enabled":true,"_links":{"self":[{"href":"https:\/\/www.redenoticia.com.br\/noticia\/wp-json\/wp\/v2\/posts\/88856","targetHints":{"allow":["GET"]}}],"collection":[{"href":"https:\/\/www.redenoticia.com.br\/noticia\/wp-json\/wp\/v2\/posts"}],"about":[{"href":"https:\/\/www.redenoticia.com.br\/noticia\/wp-json\/wp\/v2\/types\/post"}],"author":[{"embeddable":true,"href":"https:\/\/www.redenoticia.com.br\/noticia\/wp-json\/wp\/v2\/users\/2"}],"replies":[{"embeddable":true,"href":"https:\/\/www.redenoticia.com.br\/noticia\/wp-json\/wp\/v2\/comments?post=88856"}],"version-history":[{"count":0,"href":"https:\/\/www.redenoticia.com.br\/noticia\/wp-json\/wp\/v2\/posts\/88856\/revisions"}],"wp:featuredmedia":[{"embeddable":true,"href":"https:\/\/www.redenoticia.com.br\/noticia\/wp-json\/wp\/v2\/media\/22752"}],"wp:attachment":[{"href":"https:\/\/www.redenoticia.com.br\/noticia\/wp-json\/wp\/v2\/media?parent=88856"}],"wp:term":[{"taxonomy":"category","embeddable":true,"href":"https:\/\/www.redenoticia.com.br\/noticia\/wp-json\/wp\/v2\/categories?post=88856"},{"taxonomy":"post_tag","embeddable":true,"href":"https:\/\/www.redenoticia.com.br\/noticia\/wp-json\/wp\/v2\/tags?post=88856"}],"curies":[{"name":"wp","href":"https:\/\/api.w.org\/{rel}","templated":true}]}}