{"id":88783,"date":"2016-06-23T10:42:37","date_gmt":"2016-06-23T13:42:37","guid":{"rendered":"http:\/\/www.redenoticia.com.br\/noticia\/?p=88783"},"modified":"2016-06-22T20:43:43","modified_gmt":"2016-06-22T23:43:43","slug":"inadimplencia-com-cheques-cresce-e-atinge-segundo-maior-nivel-para-maio","status":"publish","type":"post","link":"https:\/\/www.redenoticia.com.br\/noticia\/2016\/inadimplencia-com-cheques-cresce-e-atinge-segundo-maior-nivel-para-maio\/88783","title":{"rendered":"Inadimpl\u00eancia com cheques cresce e atinge segundo maior n\u00edvel para maio"},"content":{"rendered":"<p> Em maio, o n\u00famero de <strong><em>cheques devolvidos<\/em><\/strong> por falta de fundos no pa\u00eds atingiu 2,39%, o segundo maior patamar para o m\u00eas desde 1991. O dado foi divulgado pelo Indicador Serasa Experian de Cheques sem Fundos. O maior n\u00edvel atingido foi em maio de 2009, com 2,52% de cheques devolvidos.<\/p>\n<p>Segundo a Serasa, 1.208.897 cheques foram devolvidos em maio, enquanto 50.622.591 cheques foram compensados.<\/p>\n<p>Em abril, 2,38% de cheques foram devolvidos por falta de fundos, enquanto em maio do ano passado, o percentual atingiu 2,29%.<\/p>\n<p>Para os economistas da Serasa Experian, o crescimento no n\u00famero de cheques devolvidos se deve ao aumento do desemprego no pa\u00eds e \u00e0 queda do rendimento m\u00e9dio da popula\u00e7\u00e3o.<\/p>\n<p>Elaine Patricia Cruz &#8211; Rep\u00f3rter da Ag\u00eancia Brasil<br \/>\nEdi\u00e7\u00e3o: Maria Claudia<br \/>\n23\/06\/2016<br \/>\n&#8212;<br \/>\nA Empresa Brasil de Comunica\u00e7\u00e3o \u00e9 uma institui\u00e7\u00e3o da democracia brasileira: p\u00fablica, inclusiva e cidad\u00e3.  Criada em 2007 para fortalecer o sistema p\u00fablico de comunica\u00e7\u00e3o, \u00e9 gestora dos canais TV Brasil, TV Brasil Internacional, Ag\u00eancia Brasil, Radioag\u00eancia Nacional e do sistema p\u00fablico de R\u00e1dio \u2013 composto por oito emissoras. Estes, por sua independ\u00eancia editorial, distinguem-se dos canais estatais ou governamentais, com conte\u00fados diferenciados e complementares aos canais privados. Os ve\u00edculos da EBC t\u00eam autonomia para definir produ\u00e7\u00e3o, programa\u00e7\u00e3o e distribui\u00e7\u00e3o de conte\u00fados.<\/p>\n","protected":false},"excerpt":{"rendered":"<p>Em maio, o n\u00famero de cheques devolvidos por falta de fundos no pa\u00eds atingiu 2,39%, o segundo maior patamar para o m\u00eas desde 1991. O dado foi divulgado pelo Indicador Serasa Experian de Cheques sem Fundos. O maior n\u00edvel atingido foi em maio de 2009, com 2,52% de cheques devolvidos. Segundo a Serasa, 1.208.897 cheques [&hellip;]<\/p>\n","protected":false},"author":2,"featured_media":57582,"comment_status":"open","ping_status":"closed","sticky":false,"template":"","format":"standard","meta":{"_genesis_hide_title":false,"_genesis_hide_breadcrumbs":false,"_genesis_hide_singular_image":false,"_genesis_hide_footer_widgets":false,"_genesis_custom_body_class":"","_genesis_custom_post_class":"","_genesis_layout":"","_jetpack_memberships_contains_paid_content":false,"footnotes":""},"categories":[22,7],"tags":[],"class_list":{"0":"post-88783","1":"post","2":"type-post","3":"status-publish","4":"format-standard","5":"has-post-thumbnail","7":"category-brasil","8":"category-economia","9":"entry","10":"gs-1","11":"gs-odd","12":"gs-even","13":"gs-featured-content-entry"},"jetpack_featured_media_url":"https:\/\/www.redenoticia.com.br\/noticia\/imagens\/grafico1.jpg","jetpack_sharing_enabled":true,"jetpack_likes_enabled":true,"_links":{"self":[{"href":"https:\/\/www.redenoticia.com.br\/noticia\/wp-json\/wp\/v2\/posts\/88783","targetHints":{"allow":["GET"]}}],"collection":[{"href":"https:\/\/www.redenoticia.com.br\/noticia\/wp-json\/wp\/v2\/posts"}],"about":[{"href":"https:\/\/www.redenoticia.com.br\/noticia\/wp-json\/wp\/v2\/types\/post"}],"author":[{"embeddable":true,"href":"https:\/\/www.redenoticia.com.br\/noticia\/wp-json\/wp\/v2\/users\/2"}],"replies":[{"embeddable":true,"href":"https:\/\/www.redenoticia.com.br\/noticia\/wp-json\/wp\/v2\/comments?post=88783"}],"version-history":[{"count":0,"href":"https:\/\/www.redenoticia.com.br\/noticia\/wp-json\/wp\/v2\/posts\/88783\/revisions"}],"wp:featuredmedia":[{"embeddable":true,"href":"https:\/\/www.redenoticia.com.br\/noticia\/wp-json\/wp\/v2\/media\/57582"}],"wp:attachment":[{"href":"https:\/\/www.redenoticia.com.br\/noticia\/wp-json\/wp\/v2\/media?parent=88783"}],"wp:term":[{"taxonomy":"category","embeddable":true,"href":"https:\/\/www.redenoticia.com.br\/noticia\/wp-json\/wp\/v2\/categories?post=88783"},{"taxonomy":"post_tag","embeddable":true,"href":"https:\/\/www.redenoticia.com.br\/noticia\/wp-json\/wp\/v2\/tags?post=88783"}],"curies":[{"name":"wp","href":"https:\/\/api.w.org\/{rel}","templated":true}]}}