{"id":88781,"date":"2016-06-23T10:41:31","date_gmt":"2016-06-23T13:41:31","guid":{"rendered":"http:\/\/www.redenoticia.com.br\/noticia\/?p=88781"},"modified":"2016-06-22T20:42:33","modified_gmt":"2016-06-22T23:42:33","slug":"governo-autoriza-importacao-de-feijao-para-reduzir-o-preco","status":"publish","type":"post","link":"https:\/\/www.redenoticia.com.br\/noticia\/2016\/governo-autoriza-importacao-de-feijao-para-reduzir-o-preco\/88781","title":{"rendered":"Governo autoriza importa\u00e7\u00e3o de feij\u00e3o para reduzir o pre\u00e7o"},"content":{"rendered":"<p> O Pal\u00e1cio do Planalto anunciou que o governo vai liberar a importa\u00e7\u00e3o de <strong><em>feij\u00e3o<\/em><\/strong> de alguns pa\u00edses, com o objetivo de reduzir o pre\u00e7o do produto nos supermercados. A medida valer\u00e1 para o feij\u00e3o com origem na Argentina, no Paraguai e na Bol\u00edvia.<\/p>\n<p>De acordo com o ministro da Agricultura, Pecu\u00e1ria e Abastecimento (Mapa), Blairo Maggi, est\u00e1 em estudo a possibilidade de importar o produto tamb\u00e9m do M\u00e9xico e da China, segundo informa\u00e7\u00f5es divulgadas pelo Portal do Planalto.<\/p>\n<p>De acordo com o Instituto Brasileiro do Feij\u00e3o, o aumento se deve \u00e0 seca em grande parte dos estados que produzem o gr\u00e3o. Com isso, houve queda na oferta e, com o aumento da demanda, os pre\u00e7os acabaram subindo. O pre\u00e7o do feij\u00e3o-carioca chegou a R$ 10 em supermercados de v\u00e1rios estados brasileiros.<\/p>\n<p>Maggi disse ainda que pretende propor \u00e0s grandes redes de supermercado que busquem comprar o produto nas regi\u00f5es onde a oferta \u00e9 maior. \u201cPessoalmente tenho me envolvido nas negocia\u00e7\u00f5es com os cerealistas, com os grandes supermercados, para que eles possam fugir do tradicional que se faz no Brasil, e ir diretamente \u00e0 fonte onde tem esse produto e trazer. E, \u00e0 medida que o produto vai chegando ao Brasil, n\u00f3s temos certeza de que o pre\u00e7o ceder\u00e1 na medida em que o mercado for abastecido\u201d, disse o ministro por meio do portal.<\/p>\n<p>Pedro Peduzzi &#8211; Rep\u00f3rter da Ag\u00eancia Brasil<br \/>\nEdi\u00e7\u00e3o: Juliana Andrade<br \/>\n23\/06\/2016<br \/>\n&#8212;<br \/>\nA Empresa Brasil de Comunica\u00e7\u00e3o \u00e9 uma institui\u00e7\u00e3o da democracia brasileira: p\u00fablica, inclusiva e cidad\u00e3.  Criada em 2007 para fortalecer o sistema p\u00fablico de comunica\u00e7\u00e3o, \u00e9 gestora dos canais TV Brasil, TV Brasil Internacional, Ag\u00eancia Brasil, Radioag\u00eancia Nacional e do sistema p\u00fablico de R\u00e1dio \u2013 composto por oito emissoras. Estes, por sua independ\u00eancia editorial, distinguem-se dos canais estatais ou governamentais, com conte\u00fados diferenciados e complementares aos canais privados. Os ve\u00edculos da EBC t\u00eam autonomia para definir produ\u00e7\u00e3o, programa\u00e7\u00e3o e distribui\u00e7\u00e3o de conte\u00fados.<\/p>\n","protected":false},"excerpt":{"rendered":"<p>O Pal\u00e1cio do Planalto anunciou que o governo vai liberar a importa\u00e7\u00e3o de feij\u00e3o de alguns pa\u00edses, com o objetivo de reduzir o pre\u00e7o do produto nos supermercados. A medida valer\u00e1 para o feij\u00e3o com origem na Argentina, no Paraguai e na Bol\u00edvia. De acordo com o ministro da Agricultura, Pecu\u00e1ria e Abastecimento (Mapa), Blairo [&hellip;]<\/p>\n","protected":false},"author":2,"featured_media":57583,"comment_status":"open","ping_status":"closed","sticky":false,"template":"","format":"standard","meta":{"_genesis_hide_title":false,"_genesis_hide_breadcrumbs":false,"_genesis_hide_singular_image":false,"_genesis_hide_footer_widgets":false,"_genesis_custom_body_class":"","_genesis_custom_post_class":"","_genesis_layout":"","_jetpack_memberships_contains_paid_content":false,"footnotes":""},"categories":[22,7],"tags":[],"class_list":{"0":"post-88781","1":"post","2":"type-post","3":"status-publish","4":"format-standard","5":"has-post-thumbnail","7":"category-brasil","8":"category-economia","9":"entry","10":"gs-1","11":"gs-odd","12":"gs-even","13":"gs-featured-content-entry"},"jetpack_featured_media_url":"https:\/\/www.redenoticia.com.br\/noticia\/imagens\/economia-grafico.jpg","jetpack_sharing_enabled":true,"jetpack_likes_enabled":true,"_links":{"self":[{"href":"https:\/\/www.redenoticia.com.br\/noticia\/wp-json\/wp\/v2\/posts\/88781","targetHints":{"allow":["GET"]}}],"collection":[{"href":"https:\/\/www.redenoticia.com.br\/noticia\/wp-json\/wp\/v2\/posts"}],"about":[{"href":"https:\/\/www.redenoticia.com.br\/noticia\/wp-json\/wp\/v2\/types\/post"}],"author":[{"embeddable":true,"href":"https:\/\/www.redenoticia.com.br\/noticia\/wp-json\/wp\/v2\/users\/2"}],"replies":[{"embeddable":true,"href":"https:\/\/www.redenoticia.com.br\/noticia\/wp-json\/wp\/v2\/comments?post=88781"}],"version-history":[{"count":0,"href":"https:\/\/www.redenoticia.com.br\/noticia\/wp-json\/wp\/v2\/posts\/88781\/revisions"}],"wp:featuredmedia":[{"embeddable":true,"href":"https:\/\/www.redenoticia.com.br\/noticia\/wp-json\/wp\/v2\/media\/57583"}],"wp:attachment":[{"href":"https:\/\/www.redenoticia.com.br\/noticia\/wp-json\/wp\/v2\/media?parent=88781"}],"wp:term":[{"taxonomy":"category","embeddable":true,"href":"https:\/\/www.redenoticia.com.br\/noticia\/wp-json\/wp\/v2\/categories?post=88781"},{"taxonomy":"post_tag","embeddable":true,"href":"https:\/\/www.redenoticia.com.br\/noticia\/wp-json\/wp\/v2\/tags?post=88781"}],"curies":[{"name":"wp","href":"https:\/\/api.w.org\/{rel}","templated":true}]}}