{"id":88779,"date":"2016-06-23T10:39:51","date_gmt":"2016-06-23T13:39:51","guid":{"rendered":"http:\/\/www.redenoticia.com.br\/noticia\/?p=88779"},"modified":"2016-06-22T20:41:26","modified_gmt":"2016-06-22T23:41:26","slug":"previa-da-confianca-da-industria-registra-melhor-patamar-desde-fevereiro-de-2015","status":"publish","type":"post","link":"https:\/\/www.redenoticia.com.br\/noticia\/2016\/previa-da-confianca-da-industria-registra-melhor-patamar-desde-fevereiro-de-2015\/88779","title":{"rendered":"Pr\u00e9via da confian\u00e7a da ind\u00fastria registra melhor patamar desde fevereiro de 2015"},"content":{"rendered":"<p> A pr\u00e9via do <strong><em>\u00cdndice de Confian\u00e7a da Ind\u00fastria<\/em><\/strong> apresentou alta de 3,9 pontos em junho deste ano, em rela\u00e7\u00e3o ao resultado consolidado de maio. Com o crescimento, o resultado preliminar chegou a 83,1 pontos, em uma escala de 0 a 200 pontos, o maior patamar desde fevereiro de 2015. Os dados s\u00e3o da Funda\u00e7\u00e3o Getulio Vargas.<\/p>\n<p> O principal motivo para o crescimento da pr\u00e9via do \u00edndice foi o aumento do otimismo do empres\u00e1rio da ind\u00fastria em rela\u00e7\u00e3o aos pr\u00f3ximos meses. O \u00cdndice de Expectativas, que mede a confian\u00e7a para o futuro, cresceu 7 pontos em rela\u00e7\u00e3o ao resultado consolidado de maio e chegou a 85,2 pontos na pr\u00e9via de junho.<\/p>\n<p>A confian\u00e7a do empres\u00e1rio em rela\u00e7\u00e3o ao momento presente, medida pelo \u00cdndice da Situa\u00e7\u00e3o Atual, tamb\u00e9m cresceu, embora de forma mais moderada: 0,8 ponto em rela\u00e7\u00e3o ao resultado de maio, chegando a 81,3 pontos.<\/p>\n<p>Apesar disso, o N\u00edvel de Utiliza\u00e7\u00e3o da Capacidade Instalada (Nuci) ficou em 73,6% na pr\u00e9via de junho, o mesmo m\u00ednimo hist\u00f3rico registrado em fevereiro deste ano. Para a pr\u00e9via de junho, foram consultadas 781 empresas entre os dias 10 e 17 deste m\u00eas.<\/p>\n<p>Vitor Abdala \u2013 Rep\u00f3rter da Ag\u00eancia Brasil<br \/>\nEdi\u00e7\u00e3o: Gra\u00e7a Adjuto<br \/>\n23\/06\/2016<br \/>\n&#8212;<br \/>\nA Empresa Brasil de Comunica\u00e7\u00e3o \u00e9 uma institui\u00e7\u00e3o da democracia brasileira: p\u00fablica, inclusiva e cidad\u00e3.  Criada em 2007 para fortalecer o sistema p\u00fablico de comunica\u00e7\u00e3o, \u00e9 gestora dos canais TV Brasil, TV Brasil Internacional, Ag\u00eancia Brasil, Radioag\u00eancia Nacional e do sistema p\u00fablico de R\u00e1dio \u2013 composto por oito emissoras. Estes, por sua independ\u00eancia editorial, distinguem-se dos canais estatais ou governamentais, com conte\u00fados diferenciados e complementares aos canais privados. Os ve\u00edculos da EBC t\u00eam autonomia para definir produ\u00e7\u00e3o, programa\u00e7\u00e3o e distribui\u00e7\u00e3o de conte\u00fados.<\/p>\n","protected":false},"excerpt":{"rendered":"<p>A pr\u00e9via do \u00cdndice de Confian\u00e7a da Ind\u00fastria apresentou alta de 3,9 pontos em junho deste ano, em rela\u00e7\u00e3o ao resultado consolidado de maio. Com o crescimento, o resultado preliminar chegou a 83,1 pontos, em uma escala de 0 a 200 pontos, o maior patamar desde fevereiro de 2015. Os dados s\u00e3o da Funda\u00e7\u00e3o Getulio [&hellip;]<\/p>\n","protected":false},"author":2,"featured_media":57585,"comment_status":"open","ping_status":"closed","sticky":false,"template":"","format":"standard","meta":{"_genesis_hide_title":false,"_genesis_hide_breadcrumbs":false,"_genesis_hide_singular_image":false,"_genesis_hide_footer_widgets":false,"_genesis_custom_body_class":"","_genesis_custom_post_class":"","_genesis_layout":"","_jetpack_memberships_contains_paid_content":false,"footnotes":""},"categories":[22,7],"tags":[],"class_list":{"0":"post-88779","1":"post","2":"type-post","3":"status-publish","4":"format-standard","5":"has-post-thumbnail","7":"category-brasil","8":"category-economia","9":"entry","10":"gs-1","11":"gs-odd","12":"gs-even","13":"gs-featured-content-entry"},"jetpack_featured_media_url":"https:\/\/www.redenoticia.com.br\/noticia\/imagens\/analise-economia.jpg","jetpack_sharing_enabled":true,"jetpack_likes_enabled":true,"_links":{"self":[{"href":"https:\/\/www.redenoticia.com.br\/noticia\/wp-json\/wp\/v2\/posts\/88779","targetHints":{"allow":["GET"]}}],"collection":[{"href":"https:\/\/www.redenoticia.com.br\/noticia\/wp-json\/wp\/v2\/posts"}],"about":[{"href":"https:\/\/www.redenoticia.com.br\/noticia\/wp-json\/wp\/v2\/types\/post"}],"author":[{"embeddable":true,"href":"https:\/\/www.redenoticia.com.br\/noticia\/wp-json\/wp\/v2\/users\/2"}],"replies":[{"embeddable":true,"href":"https:\/\/www.redenoticia.com.br\/noticia\/wp-json\/wp\/v2\/comments?post=88779"}],"version-history":[{"count":0,"href":"https:\/\/www.redenoticia.com.br\/noticia\/wp-json\/wp\/v2\/posts\/88779\/revisions"}],"wp:featuredmedia":[{"embeddable":true,"href":"https:\/\/www.redenoticia.com.br\/noticia\/wp-json\/wp\/v2\/media\/57585"}],"wp:attachment":[{"href":"https:\/\/www.redenoticia.com.br\/noticia\/wp-json\/wp\/v2\/media?parent=88779"}],"wp:term":[{"taxonomy":"category","embeddable":true,"href":"https:\/\/www.redenoticia.com.br\/noticia\/wp-json\/wp\/v2\/categories?post=88779"},{"taxonomy":"post_tag","embeddable":true,"href":"https:\/\/www.redenoticia.com.br\/noticia\/wp-json\/wp\/v2\/tags?post=88779"}],"curies":[{"name":"wp","href":"https:\/\/api.w.org\/{rel}","templated":true}]}}