{"id":88775,"date":"2016-06-23T10:36:40","date_gmt":"2016-06-23T13:36:40","guid":{"rendered":"http:\/\/www.redenoticia.com.br\/noticia\/?p=88775"},"modified":"2016-06-22T20:37:48","modified_gmt":"2016-06-22T23:37:48","slug":"procon-sp-da-dicas-para-as-compras-de-malhas-e-cobertores","status":"publish","type":"post","link":"https:\/\/www.redenoticia.com.br\/noticia\/2016\/procon-sp-da-dicas-para-as-compras-de-malhas-e-cobertores\/88775","title":{"rendered":"Procon-SP d\u00e1 dicas para as compras de malhas e cobertores"},"content":{"rendered":"<p> Com as baixas temperaturas, o consumo de <strong><em>malhas e cobertores<\/em><\/strong> tende aumentar. E para o consumidor n\u00e3o entrar numa fria neste inverno, \u00e9 preciso\u00a0ficar atento aos direitos. Pensando nisso, a\u00a0Funda\u00e7\u00e3o Procon-SP,\u00a0institui\u00e7\u00e3o vinculada \u00e0 Secretaria da Justi\u00e7a e da Defesa da Cidadania do Estado de S\u00e3o Paulo,\u00a0preparou uma s\u00e9rie de orienta\u00e7\u00f5es importantes em seu  para o momento das compras, al\u00e9m dos cuidados a serem observados em feiras de malhas e liquida\u00e7\u00f5es. Confira as dicas abaixo:<\/p>\n<p>Feira de malhas<\/p>\n<p>Por se tratar de um evento que tem curto per\u00edodo de perman\u00eancia, \u00e9 necess\u00e1rio redobrar a aten\u00e7\u00e3o sobre a pe\u00e7a que est\u00e1 sendo adquirida, j\u00e1 que a troca de mercadorias poder\u00e1 ser dificultada. Por isso, \u00e9 essencial se informar sobre o tempo de dura\u00e7\u00e3o da feira e exigir a emiss\u00e3o de nota fiscal.<\/p>\n<p>\u00c9 importante fazer uma pesquisa por toda a feira, levando em considera\u00e7\u00e3o fatores como: pre\u00e7o e qualidade, e efetuar a compra somente quando estiver certo de estar fazendo um bom neg\u00f3cio. Antes de adquirir o produto, \u00e9 importante verificar se ele n\u00e3o possui nenhum tipo de v\u00edcio, como fios soltos, falta de bot\u00e3o, problemas com z\u00edper ou qualquer outra anormalidade na pe\u00e7a.<\/p>\n<p>Cobertores e edredons<\/p>\n<p>Antes de sair \u00e0s compras, \u00e9 importante verificar o que voc\u00ea j\u00e1 tem guardado de anos anteriores para evitar gastos desnecess\u00e1rios.<\/p>\n<p>\u00c9 essencial prestar aten\u00e7\u00e3o nas informa\u00e7\u00f5es contidas na\u00a0: composi\u00e7\u00e3o t\u00eaxtil, metragem do artigo e indica\u00e7\u00f5es de lavagens e secagem.<\/p>\n<p>Roupas de inverno<\/p>\n<p>Antes de adquirir novas pe\u00e7as, fa\u00e7a uma pesquisa de pre\u00e7os e condi\u00e7\u00f5es de pagamento para n\u00e3o se endividar, e lembre-se sempre de prestar aten\u00e7\u00e3o \u00e0 numera\u00e7\u00e3o da roupa. Verifique na etiqueta o tipo de fibra utilizada, pois isso influencia diretamente no pre\u00e7o do produto, al\u00e9m da import\u00e2ncia de conferir se o usu\u00e1rio n\u00e3o \u00e9 al\u00e9rgico ao material.<\/p>\n<p>Troca de produtos<\/p>\n<p>A troca de mercadoria s\u00f3 \u00e9 obrigat\u00f3ria em caso de defeitos (v\u00edcios). De acordo com o\u00a0, o prazo para reclamar de v\u00edcios de f\u00e1cil constata\u00e7\u00e3o \u00e9 de at\u00e9 90 dias. Para casos em que o &#8220;problema&#8221; \u00e9 o tamanho inadequado ou gosto, a loja s\u00f3 \u00e9 obrigada a efetuar a troca se, no ato da compra, houver se comprometido com o consumidor.<\/p>\n<p>Para resguardar os seus direitos, em caso de necessitar trocar o produto, al\u00e9m da nota fiscal, mantenha a etiqueta intacta. Mais orienta\u00e7\u00f5es sobre trocas, clique\u00a0.<\/p>\n<p>Nas compras feitas fora do estabelecimento comercial (internet, por exemplo), o consumidor tem o direito de se arrepender da compra durante o prazo de sete dias \u2013 contados a partir da data de aquisi\u00e7\u00e3o ou do recebimento do produto.<\/p>\n<p>Liquida\u00e7\u00f5es e forma de pagamento<\/p>\n<p>Nas liquida\u00e7\u00f5es (geralmente prometidas no final da esta\u00e7\u00e3o), o primeiro passo \u00e9 verificar as ofertas nos folhetos publicit\u00e1rios, encartes, sites, entre outros. Assim, voc\u00ea poder\u00e1 definir previamente os itens que precisa adquirir.<\/p>\n<p>O C\u00f3digo de Defesa do Consumidor determina que toda a oferta de produtos obriga o fornecedor que a veiculou a cumpri-la. Portanto, se alguma empresa negar o que prometeu, \u00e9 poss\u00edvel reclamar. \u00c9 importante possuir o material publicit\u00e1rio.<\/p>\n<p>Quanto ao pagamento, \u00e9 sempre bom indagar quais s\u00e3o as op\u00e7\u00f5es oferecidas pela loja e compar\u00e1-las com suas possibilidades. Para valores pagos \u00e0 vista, existe a possibilidade de barganhar descontos. Al\u00e9m disso, voc\u00ea n\u00e3o compromete o seu or\u00e7amento nos meses seguintes.<\/p>\n<p>N\u00e3o se esque\u00e7a que nos pagamentos efetuados com cart\u00e3o de cr\u00e9dito e d\u00e9bito, o pre\u00e7o praticado n\u00e3o deve sofrer altera\u00e7\u00e3o. Ao usar cheques pr\u00e9-datados, n\u00e3o deixe de emit\u00ed-los nominais \u00e0 loja, anotando no verso o dia combinado para o dep\u00f3sito.<\/p>\n<p>Do Portal do Governo do Estado \u00a0SP<\/p>\n","protected":false},"excerpt":{"rendered":"<p>Com as baixas temperaturas, o consumo de malhas e cobertores tende aumentar. E para o consumidor n\u00e3o entrar numa fria neste inverno, \u00e9 preciso\u00a0ficar atento aos direitos. Pensando nisso, a\u00a0Funda\u00e7\u00e3o Procon-SP,\u00a0institui\u00e7\u00e3o vinculada \u00e0 Secretaria da Justi\u00e7a e da Defesa da Cidadania do Estado de S\u00e3o Paulo,\u00a0preparou uma s\u00e9rie de orienta\u00e7\u00f5es importantes em seu para o [&hellip;]<\/p>\n","protected":false},"author":2,"featured_media":34966,"comment_status":"open","ping_status":"closed","sticky":false,"template":"","format":"standard","meta":{"_genesis_hide_title":false,"_genesis_hide_breadcrumbs":false,"_genesis_hide_singular_image":false,"_genesis_hide_footer_widgets":false,"_genesis_custom_body_class":"","_genesis_custom_post_class":"","_genesis_layout":"","_jetpack_memberships_contains_paid_content":false,"footnotes":""},"categories":[22,7],"tags":[],"class_list":{"0":"post-88775","1":"post","2":"type-post","3":"status-publish","4":"format-standard","5":"has-post-thumbnail","7":"category-brasil","8":"category-economia","9":"entry","10":"gs-1","11":"gs-odd","12":"gs-even","13":"gs-featured-content-entry"},"jetpack_featured_media_url":"https:\/\/www.redenoticia.com.br\/noticia\/imagens\/fim-da-sacola-plastica.jpg","jetpack_sharing_enabled":true,"jetpack_likes_enabled":true,"_links":{"self":[{"href":"https:\/\/www.redenoticia.com.br\/noticia\/wp-json\/wp\/v2\/posts\/88775","targetHints":{"allow":["GET"]}}],"collection":[{"href":"https:\/\/www.redenoticia.com.br\/noticia\/wp-json\/wp\/v2\/posts"}],"about":[{"href":"https:\/\/www.redenoticia.com.br\/noticia\/wp-json\/wp\/v2\/types\/post"}],"author":[{"embeddable":true,"href":"https:\/\/www.redenoticia.com.br\/noticia\/wp-json\/wp\/v2\/users\/2"}],"replies":[{"embeddable":true,"href":"https:\/\/www.redenoticia.com.br\/noticia\/wp-json\/wp\/v2\/comments?post=88775"}],"version-history":[{"count":0,"href":"https:\/\/www.redenoticia.com.br\/noticia\/wp-json\/wp\/v2\/posts\/88775\/revisions"}],"wp:featuredmedia":[{"embeddable":true,"href":"https:\/\/www.redenoticia.com.br\/noticia\/wp-json\/wp\/v2\/media\/34966"}],"wp:attachment":[{"href":"https:\/\/www.redenoticia.com.br\/noticia\/wp-json\/wp\/v2\/media?parent=88775"}],"wp:term":[{"taxonomy":"category","embeddable":true,"href":"https:\/\/www.redenoticia.com.br\/noticia\/wp-json\/wp\/v2\/categories?post=88775"},{"taxonomy":"post_tag","embeddable":true,"href":"https:\/\/www.redenoticia.com.br\/noticia\/wp-json\/wp\/v2\/tags?post=88775"}],"curies":[{"name":"wp","href":"https:\/\/api.w.org\/{rel}","templated":true}]}}