{"id":88697,"date":"2016-06-22T10:10:58","date_gmt":"2016-06-22T13:10:58","guid":{"rendered":"http:\/\/www.redenoticia.com.br\/noticia\/?p=88697"},"modified":"2016-06-21T20:12:09","modified_gmt":"2016-06-21T23:12:09","slug":"cni-diz-que-indicador-de-custos-industriais-cresce-22","status":"publish","type":"post","link":"https:\/\/www.redenoticia.com.br\/noticia\/2016\/cni-diz-que-indicador-de-custos-industriais-cresce-22\/88697","title":{"rendered":"CNI diz que Indicador de Custos Industriais cresce 2,2%"},"content":{"rendered":"<p> O <strong><em>Indicador de Custos Industriais<\/em><\/strong> aumentou 2,2% no primeiro trimestre deste ano em rela\u00e7\u00e3o ao \u00faltimo trimestre de 2015. Segundo a Confedera\u00e7\u00e3o Nacional da Ind\u00fastria (CNI), houve uma desacelera\u00e7\u00e3o do aumento dos custos industriais. No per\u00edodo imediatamente anterior, a alta ficou em 3,2%. Na compara\u00e7\u00e3o com o primeiro trimestre de 2015, o indicador subiu 12,3%.<\/p>\n<p>De acordo com a CNI, a ind\u00fastria conseguiu repassar a alta dos custos do primeiro trimestre para os pre\u00e7os. O \u00edndice de pre\u00e7os manufaturados (IPA &#8211; ind\u00fastria de transforma\u00e7\u00e3o) teve alta de 2,2% nos primeiros tr\u00eas meses deste ano em rela\u00e7\u00e3o ao \u00faltimo trimestre de 2015. &#8220;Isso indica estabilidade na margem de lucro da ind\u00fastria&#8221;, diz a pesquisa.<\/p>\n<p>Para a CNI, o aumento de 2,2% do in\u00edcio deste ano foi puxado pelas altas nos custos de energia, com capital de giro e tributos. A conta de energia da ind\u00fastria subiu 8,7%, os custos com capital de giro aumentaram 5,7% e os com tributos cresceram 4,2% no primeiro trimestre de 2016 em rela\u00e7\u00e3o ao \u00faltimo trimestre de 2015.<\/p>\n<p>Custos em alta<\/p>\n<p>Os custos de produ\u00e7\u00e3o, formados por despesas com pessoal, com energia e com bens intermedi\u00e1rios, tiveram alta de 1,7% no primeiro trimestre em rela\u00e7\u00e3o ao per\u00edodo imediatamente anterior.<\/p>\n<p>Segundo a CNI, o trabalho ressalta que o aumento de 2,2% nos custos prejudicou a competitividade da ind\u00fastria brasileira no mercado externo. Isso porque os pre\u00e7os em reais dos insumos importados ca\u00edram 2,3% e os valores em reais dos manufaturados nos Estados Unidos ficaram est\u00e1veis no primeiro trimestre.<\/p>\n<p>Da Ag\u00eancia Brasil<br \/>\nEdi\u00e7\u00e3o: Kleber Sampaio<br \/>\n22\/06\/2016 <\/p>\n","protected":false},"excerpt":{"rendered":"<p>O Indicador de Custos Industriais aumentou 2,2% no primeiro trimestre deste ano em rela\u00e7\u00e3o ao \u00faltimo trimestre de 2015. Segundo a Confedera\u00e7\u00e3o Nacional da Ind\u00fastria (CNI), houve uma desacelera\u00e7\u00e3o do aumento dos custos industriais. No per\u00edodo imediatamente anterior, a alta ficou em 3,2%. Na compara\u00e7\u00e3o com o primeiro trimestre de 2015, o indicador subiu 12,3%. [&hellip;]<\/p>\n","protected":false},"author":2,"featured_media":57582,"comment_status":"open","ping_status":"closed","sticky":false,"template":"","format":"standard","meta":{"_genesis_hide_title":false,"_genesis_hide_breadcrumbs":false,"_genesis_hide_singular_image":false,"_genesis_hide_footer_widgets":false,"_genesis_custom_body_class":"","_genesis_custom_post_class":"","_genesis_layout":"","_jetpack_memberships_contains_paid_content":false,"footnotes":""},"categories":[22,7],"tags":[],"class_list":{"0":"post-88697","1":"post","2":"type-post","3":"status-publish","4":"format-standard","5":"has-post-thumbnail","7":"category-brasil","8":"category-economia","9":"entry","10":"gs-1","11":"gs-odd","12":"gs-even","13":"gs-featured-content-entry"},"jetpack_featured_media_url":"https:\/\/www.redenoticia.com.br\/noticia\/imagens\/grafico1.jpg","jetpack_sharing_enabled":true,"jetpack_likes_enabled":true,"_links":{"self":[{"href":"https:\/\/www.redenoticia.com.br\/noticia\/wp-json\/wp\/v2\/posts\/88697","targetHints":{"allow":["GET"]}}],"collection":[{"href":"https:\/\/www.redenoticia.com.br\/noticia\/wp-json\/wp\/v2\/posts"}],"about":[{"href":"https:\/\/www.redenoticia.com.br\/noticia\/wp-json\/wp\/v2\/types\/post"}],"author":[{"embeddable":true,"href":"https:\/\/www.redenoticia.com.br\/noticia\/wp-json\/wp\/v2\/users\/2"}],"replies":[{"embeddable":true,"href":"https:\/\/www.redenoticia.com.br\/noticia\/wp-json\/wp\/v2\/comments?post=88697"}],"version-history":[{"count":0,"href":"https:\/\/www.redenoticia.com.br\/noticia\/wp-json\/wp\/v2\/posts\/88697\/revisions"}],"wp:featuredmedia":[{"embeddable":true,"href":"https:\/\/www.redenoticia.com.br\/noticia\/wp-json\/wp\/v2\/media\/57582"}],"wp:attachment":[{"href":"https:\/\/www.redenoticia.com.br\/noticia\/wp-json\/wp\/v2\/media?parent=88697"}],"wp:term":[{"taxonomy":"category","embeddable":true,"href":"https:\/\/www.redenoticia.com.br\/noticia\/wp-json\/wp\/v2\/categories?post=88697"},{"taxonomy":"post_tag","embeddable":true,"href":"https:\/\/www.redenoticia.com.br\/noticia\/wp-json\/wp\/v2\/tags?post=88697"}],"curies":[{"name":"wp","href":"https:\/\/api.w.org\/{rel}","templated":true}]}}