{"id":88695,"date":"2016-06-22T10:09:45","date_gmt":"2016-06-22T13:09:45","guid":{"rendered":"http:\/\/www.redenoticia.com.br\/noticia\/?p=88695"},"modified":"2016-06-21T20:10:53","modified_gmt":"2016-06-21T23:10:53","slug":"aviacao-domestica-perde-32-milhoes-de-passageiros-em-cinco-meses","status":"publish","type":"post","link":"https:\/\/www.redenoticia.com.br\/noticia\/2016\/aviacao-domestica-perde-32-milhoes-de-passageiros-em-cinco-meses\/88695","title":{"rendered":"Avia\u00e7\u00e3o dom\u00e9stica perde 3,2 milh\u00f5es de passageiros em cinco meses"},"content":{"rendered":"<p> Nos cinco primeiros meses do ano, a <strong><em>avia\u00e7\u00e3o dom\u00e9stica<\/em><\/strong> no pa\u00eds registrou queda de 8,2% em rela\u00e7\u00e3o ao acumulado de janeiro a maio de 2015. Segundo o balan\u00e7o divulgado pela Associa\u00e7\u00e3o Brasileira das Empresas A\u00e9reas (Abear), neste per\u00edodo de 2016 foram transportados 36,4 milh\u00f5es de passageiros, 3,2 milh\u00f5es a menos do que no ano passado.<\/p>\n<p> Em maio, o volume de passageiros transportados caiu 9,9% em compara\u00e7\u00e3o com o mesmo m\u00eas de 2015, totalizando 6,8 milh\u00f5es de viagens. A Abear representa quatro companhias que abarcam 99% do mercado dom\u00e9stico de avia\u00e7\u00e3o &#8211; Gol (36,88%), Latam (34,77%), Azul (17,05%) e Avianca (11,31%).<\/p>\n<p>No mercado dos voos internacionais, em que as empresas nacionais representam 25% da oferta, houve queda de 4,9% no n\u00famero de viagens em maio, que ficaram em 544 mil.<\/p>\n<p>O transporte de carga no mercado dom\u00e9stico teve queda de 14,6% em maio, com 25,6 mil toneladas transportadas. No acumulado dos primeiros cinco meses do ano, foram transportadas 123,3 mil toneladas de carga, queda de 12,4% em compara\u00e7\u00e3o com o per\u00edodo de janeiro a maio de 2015.<\/p>\n<p>Daniel Mello &#8211; Rep\u00f3rter da Ag\u00eancia Brasil<br \/>\nEdi\u00e7\u00e3o: Maria Claudia<br \/>\n22\/06\/2016<\/p>\n","protected":false},"excerpt":{"rendered":"<p>Nos cinco primeiros meses do ano, a avia\u00e7\u00e3o dom\u00e9stica no pa\u00eds registrou queda de 8,2% em rela\u00e7\u00e3o ao acumulado de janeiro a maio de 2015. Segundo o balan\u00e7o divulgado pela Associa\u00e7\u00e3o Brasileira das Empresas A\u00e9reas (Abear), neste per\u00edodo de 2016 foram transportados 36,4 milh\u00f5es de passageiros, 3,2 milh\u00f5es a menos do que no ano passado. [&hellip;]<\/p>\n","protected":false},"author":2,"featured_media":38938,"comment_status":"open","ping_status":"closed","sticky":false,"template":"","format":"standard","meta":{"_genesis_hide_title":false,"_genesis_hide_breadcrumbs":false,"_genesis_hide_singular_image":false,"_genesis_hide_footer_widgets":false,"_genesis_custom_body_class":"","_genesis_custom_post_class":"","_genesis_layout":"","_jetpack_memberships_contains_paid_content":false,"footnotes":""},"categories":[22,7],"tags":[],"class_list":{"0":"post-88695","1":"post","2":"type-post","3":"status-publish","4":"format-standard","5":"has-post-thumbnail","7":"category-brasil","8":"category-economia","9":"entry","10":"gs-1","11":"gs-odd","12":"gs-even","13":"gs-featured-content-entry"},"jetpack_featured_media_url":"https:\/\/www.redenoticia.com.br\/noticia\/imagens\/economia1.jpg","jetpack_sharing_enabled":true,"jetpack_likes_enabled":true,"_links":{"self":[{"href":"https:\/\/www.redenoticia.com.br\/noticia\/wp-json\/wp\/v2\/posts\/88695","targetHints":{"allow":["GET"]}}],"collection":[{"href":"https:\/\/www.redenoticia.com.br\/noticia\/wp-json\/wp\/v2\/posts"}],"about":[{"href":"https:\/\/www.redenoticia.com.br\/noticia\/wp-json\/wp\/v2\/types\/post"}],"author":[{"embeddable":true,"href":"https:\/\/www.redenoticia.com.br\/noticia\/wp-json\/wp\/v2\/users\/2"}],"replies":[{"embeddable":true,"href":"https:\/\/www.redenoticia.com.br\/noticia\/wp-json\/wp\/v2\/comments?post=88695"}],"version-history":[{"count":0,"href":"https:\/\/www.redenoticia.com.br\/noticia\/wp-json\/wp\/v2\/posts\/88695\/revisions"}],"wp:featuredmedia":[{"embeddable":true,"href":"https:\/\/www.redenoticia.com.br\/noticia\/wp-json\/wp\/v2\/media\/38938"}],"wp:attachment":[{"href":"https:\/\/www.redenoticia.com.br\/noticia\/wp-json\/wp\/v2\/media?parent=88695"}],"wp:term":[{"taxonomy":"category","embeddable":true,"href":"https:\/\/www.redenoticia.com.br\/noticia\/wp-json\/wp\/v2\/categories?post=88695"},{"taxonomy":"post_tag","embeddable":true,"href":"https:\/\/www.redenoticia.com.br\/noticia\/wp-json\/wp\/v2\/tags?post=88695"}],"curies":[{"name":"wp","href":"https:\/\/api.w.org\/{rel}","templated":true}]}}