{"id":88691,"date":"2016-06-22T10:07:13","date_gmt":"2016-06-22T13:07:13","guid":{"rendered":"http:\/\/www.redenoticia.com.br\/noticia\/?p=88691"},"modified":"2016-06-21T20:08:35","modified_gmt":"2016-06-21T23:08:35","slug":"previa-da-inflacao-cai-e-e-a-menor-para-meses-de-junho-desde-2013","status":"publish","type":"post","link":"https:\/\/www.redenoticia.com.br\/noticia\/2016\/previa-da-inflacao-cai-e-e-a-menor-para-meses-de-junho-desde-2013\/88691","title":{"rendered":"Pr\u00e9via da infla\u00e7\u00e3o cai e \u00e9 a menor para meses de junho desde 2013"},"content":{"rendered":"<p> A <strong><em>infla\u00e7\u00e3o<\/em><\/strong>, medida pelo \u00cdndice Nacional de Pre\u00e7os ao Consumidor Amplo 15 (IPCA-15), desacelerou de maio para junho, fechando em 0,4%, menos da metade do \u00edndice de maio (0,86%) e o menor IPCA-15 para meses de junho, desde 2013, quando foi de 0,38%.<\/p>\n<p>Os dados do IPCA-15 \u2013 uma pr\u00e9via da infla\u00e7\u00e3o oficial do pa\u00eds para maio \u2013 foram divulgados pelo Instituto Brasileiro de Geografia e Estat\u00edstica (IBGE). Com a desacelera\u00e7\u00e3o do indicador em rela\u00e7\u00e3o a junho, o \u00cdndice de Pre\u00e7os ao Consumidor Ampliado Especial (IPCA-E) \u2013 que \u00e9 o IPCA-15 acumulado por trimestre (no caso, abril, maio e junho), fechou em 1,78%, quase 1 ponto percentual (0,9%) abaixo da taxa de 2,68% de igual per\u00edodo de 2015.<\/p>\n<p>O resultado faz com que a taxa acumulada no primeiro semestre do ano seja de 4,62%, bem abaixo dos 6,28% do primeiro semestre do ano passado. O IBGE ressalta, ainda, o fato de que, considerando os \u00faltimos 12 meses, o \u00edndice caiu 0,64 ponto percentual, para 8,98%. Nos doze meses encerrados em maio, a taxa era de 9,62%. Em junho de 2015, havia sido de 0,99%.<\/p>\n<p>A queda do IPCA-15 em junho reflete retra\u00e7\u00e3o nos pre\u00e7os da maioria dos grupos de produtos e servi\u00e7os com destaque para Sa\u00fade e Cuidados Pessoais (1,03%), Alimenta\u00e7\u00e3o e Bebidas (0,35%) e Transportes, este \u00faltimo fechando com defla\u00e7\u00e3o (infla\u00e7\u00e3o negativa) de 0,69%.<\/p>\n<p>Pre\u00e7os em alta<\/p>\n<p>Entre os nove grupos de produtos e servi\u00e7os que comp\u00f5em o IPCA-15, em junho apenas tr\u00eas fecharam com eleva\u00e7\u00e3o de pre\u00e7os em rela\u00e7\u00e3o a maio: Habita\u00e7\u00e3o ( passou de 0,99% para 1,13%); Despesas Pessoais (de 0,81% para 0,89%); e Artigos de Resid\u00eancia (de 0,55% para 0,57%).<\/p>\n<p>A alta mais expressiva entre os tr\u00eas ficou com o grupo Habita\u00e7\u00e3o, onde o 1,13% de varia\u00e7\u00e3o traz como destaque a alta da taxa de \u00e1gua e esgoto, que subiu 4,5% e representou o principal impacto individual no \u00edndice do m\u00eas (0,07 ponto percentual); tamb\u00e9m contribu\u00edram os itens energia el\u00e9trica (1,37%), condom\u00ednio (0,76%) e artigos de limpeza (0,68%).<\/p>\n<p>O grupo Despesas Pessoais, a segunda maior alta (0,89%), tem como destaque o item cigarro, cujos pre\u00e7os subiram 5,44% ap\u00f3s reajustes entre 3% e 14%, conforme a marca, com vig\u00eancia a partir de 1\u00ba de maio, em todas as regi\u00f5es. J\u00e1 em Artigos de Resid\u00eancia (0,57%), destaca-se o item Tv, som e inform\u00e1tica, com varia\u00e7\u00e3o de 2,15%.<\/p>\n<p>Grupos em queda<\/p>\n<p>J\u00e1 entre os seis grupos de produtos e servi\u00e7os que fecharam junho em queda frente a maio e, portanto, pressionando o IPCA-15 para baixo, os destaques ficaram com Sa\u00fade e Cuidados Pessoais (ca\u00edram de 2,54% para 1,03%, retra\u00e7\u00e3o de 1,51 ponto percentual); Alimenta\u00e7\u00e3o e Bebidas (1,03% para 0,35%); e Transportes, que, depois de j\u00e1 ter fechado maio com defla\u00e7\u00e3o de 0,18%, voltou a registrar defla\u00e7\u00e3o em junho: de -0,69%.<\/p>\n<p>Segundo o IBGE, para a queda de 1,03% do grupo Sa\u00fade e Cuidados Pessoais, destacam-se os pre\u00e7os dos rem\u00e9dios, que, depois de terem uma alta de 6,5% em maio, despencaram para 1,11% em junho \u2013 menos 4,49 pontos percentuais entre um m\u00eas e outro.<\/p>\n<p>No caso dos rem\u00e9dios, houve influ\u00eancia, principalmente em maio, do reajuste de 12,50% autorizado pela Ag\u00eancia Nacional de Vigil\u00e2ncia Sanit\u00e1ria (Anvisa), que entrou em vigor a partir do dia 1\u00b0 de abril.<\/p>\n<p>No grupo Alimenta\u00e7\u00e3o e Bebidas, a desacelera\u00e7\u00e3o de pre\u00e7os reflete o fato de que v\u00e1rios produtos do grupo tiveram seus pre\u00e7os significativamente reduzidos de maio para junho, a exemplo da cenoura (-25,63%), do a\u00e7a\u00ed (-9,06%), do tomate (-8,10%), das frutas (-5,43%) e das hortali\u00e7as (-3,82%), todos com defla\u00e7\u00e3o.<\/p>\n<p>Ainda assim, o grupo fechou com altas significativas em alimentos de peso na despesa das fam\u00edlias como feij\u00e3o carioca (16,38%) e o leite (5,35%).<\/p>\n<p>J\u00e1 no grupo Transportes, a defla\u00e7\u00e3o de -0,69% reflete a queda do pre\u00e7o do etanol, 6,6% mais barato, o que influenciou a gasolina, com o pre\u00e7o do litro mais baixo em 1,19% em rela\u00e7\u00e3o a maio; al\u00e9m das passagens a\u00e9reas, com queda de 4,11%.<\/p>\n<p>Regi\u00f5es<\/p>\n<p>Apesar da queda significativa do IPCA-15, de maio para junho, seis das cinco regi\u00f5es metropolitanas e munic\u00edpios envolvidos na pesquisa apresentaram taxas superiores \u00e0 m\u00e9dia global do m\u00eas de 0,4%. A maior alta foi registrada na regi\u00e3o metropolitana de Belo Horizonte, com 0,81% (contra 0,7% de maio), pressionada pela taxa de \u00e1gua e esgoto (13,2%) e pela energia el\u00e9trica (3,8%).<\/p>\n<p>Em seguida, aparece a Regi\u00e3o Metropolitana do Recife, onde o IPCA-15 ficou em 0,68%, ainda assim, fechando em queda em rela\u00e7\u00e3o a 0,72% de maio. Em Fortaleza, a taxa foi de 0,48%, Salvador (0,44%), Porto Alegre (0,42%) e Bel\u00e9m (0,41%).<\/p>\n<p>Entre as cinco regi\u00f5es com taxas inferiores \u00e0 media global do IPCA-15, entre maio e junho, a menor foi verificada em Bras\u00edlia, onde houve defla\u00e7\u00e3o de 0,02%. Pela ordem, Goi\u00e2nia fechou em alta de apenas 0,01%, Curitiba (0,23%), Rio de Janeiro (0,34%) e S\u00e3o Paulo com varia\u00e7\u00e3o de 0,36%.<\/p>\n<p>Metodologia<\/p>\n<p>O IPCA-15 \u00e9 considerado uma pr\u00e9via do \u00cdndice de Pre\u00e7os ao Consumidor Amplo (IPCA), a infla\u00e7\u00e3o oficial do pa\u00eds. Com a mesma metodologia, ele se diferencia pela data da pesquisa (vai da \u00faltima metade do m\u00eas anterior \u00e0 primeira do m\u00eas de refer\u00eancia) e pela abrang\u00eancia geogr\u00e1fica (envolve apenas 11 das regi\u00f5es e munic\u00edpios contra 13 do IPCA). No entanto, o indicador refere-se \u00e0s fam\u00edlias com o mesmo rendimento (de 1 a 40 sal\u00e1rios m\u00ednimos).<\/p>\n<p>Nielmar de Oliveira &#8211; Rep\u00f3rter da Ag\u00eancia Brasil<br \/>\nEdi\u00e7\u00e3o: Kleber Sampaio<br \/>\n22\/06\/2016<\/p>\n","protected":false},"excerpt":{"rendered":"<p>A infla\u00e7\u00e3o, medida pelo \u00cdndice Nacional de Pre\u00e7os ao Consumidor Amplo 15 (IPCA-15), desacelerou de maio para junho, fechando em 0,4%, menos da metade do \u00edndice de maio (0,86%) e o menor IPCA-15 para meses de junho, desde 2013, quando foi de 0,38%. Os dados do IPCA-15 \u2013 uma pr\u00e9via da infla\u00e7\u00e3o oficial do pa\u00eds [&hellip;]<\/p>\n","protected":false},"author":2,"featured_media":57584,"comment_status":"open","ping_status":"closed","sticky":false,"template":"","format":"standard","meta":{"_genesis_hide_title":false,"_genesis_hide_breadcrumbs":false,"_genesis_hide_singular_image":false,"_genesis_hide_footer_widgets":false,"_genesis_custom_body_class":"","_genesis_custom_post_class":"","_genesis_layout":"","_jetpack_memberships_contains_paid_content":false,"footnotes":""},"categories":[22,7],"tags":[],"class_list":{"0":"post-88691","1":"post","2":"type-post","3":"status-publish","4":"format-standard","5":"has-post-thumbnail","7":"category-brasil","8":"category-economia","9":"entry","10":"gs-1","11":"gs-odd","12":"gs-even","13":"gs-featured-content-entry"},"jetpack_featured_media_url":"https:\/\/www.redenoticia.com.br\/noticia\/imagens\/economia-grafica-analise-inflacao.jpg","jetpack_sharing_enabled":true,"jetpack_likes_enabled":true,"_links":{"self":[{"href":"https:\/\/www.redenoticia.com.br\/noticia\/wp-json\/wp\/v2\/posts\/88691","targetHints":{"allow":["GET"]}}],"collection":[{"href":"https:\/\/www.redenoticia.com.br\/noticia\/wp-json\/wp\/v2\/posts"}],"about":[{"href":"https:\/\/www.redenoticia.com.br\/noticia\/wp-json\/wp\/v2\/types\/post"}],"author":[{"embeddable":true,"href":"https:\/\/www.redenoticia.com.br\/noticia\/wp-json\/wp\/v2\/users\/2"}],"replies":[{"embeddable":true,"href":"https:\/\/www.redenoticia.com.br\/noticia\/wp-json\/wp\/v2\/comments?post=88691"}],"version-history":[{"count":0,"href":"https:\/\/www.redenoticia.com.br\/noticia\/wp-json\/wp\/v2\/posts\/88691\/revisions"}],"wp:featuredmedia":[{"embeddable":true,"href":"https:\/\/www.redenoticia.com.br\/noticia\/wp-json\/wp\/v2\/media\/57584"}],"wp:attachment":[{"href":"https:\/\/www.redenoticia.com.br\/noticia\/wp-json\/wp\/v2\/media?parent=88691"}],"wp:term":[{"taxonomy":"category","embeddable":true,"href":"https:\/\/www.redenoticia.com.br\/noticia\/wp-json\/wp\/v2\/categories?post=88691"},{"taxonomy":"post_tag","embeddable":true,"href":"https:\/\/www.redenoticia.com.br\/noticia\/wp-json\/wp\/v2\/tags?post=88691"}],"curies":[{"name":"wp","href":"https:\/\/api.w.org\/{rel}","templated":true}]}}