{"id":88610,"date":"2016-06-21T10:18:13","date_gmt":"2016-06-21T13:18:13","guid":{"rendered":"http:\/\/www.redenoticia.com.br\/noticia\/?p=88610"},"modified":"2016-06-20T19:01:09","modified_gmt":"2016-06-20T22:01:09","slug":"confianca-do-empresario-do-comercio-cresce-em-maio-diz-fecomerciosp","status":"publish","type":"post","link":"https:\/\/www.redenoticia.com.br\/noticia\/2016\/confianca-do-empresario-do-comercio-cresce-em-maio-diz-fecomerciosp\/88610","title":{"rendered":"Confian\u00e7a do empres\u00e1rio do com\u00e9rcio cresce em maio, diz FecomercioSP"},"content":{"rendered":"<p> Os empres\u00e1rios do com\u00e9rcio paulistano continuam pessimistas com o n\u00edvel de atividade da economia. Apesar disso, no m\u00eas de maio, o <strong><em>\u00edndice de confian\u00e7a<\/em><\/strong> da categoria na economia brasileira teve aumento de 1,5% na compara\u00e7\u00e3o com abril, revelou o \u00cdndice de Confian\u00e7a do Empres\u00e1rio do Com\u00e9rcio (Icec), divulgado pela Federa\u00e7\u00e3o do Com\u00e9rcio de Bens, Servi\u00e7os e Turismo do Estado de S\u00e3o Paulo (FecomercioSP). O \u00edndice \u00e9 divulgado mensalmente pela FecomercioSP.<\/p>\n<p>Mesmo com a eleva\u00e7\u00e3o em maio, o \u00edndice continua abaixo de 100 pontos, o que sinaliza pessimismo do empresariado com a economia. O Icec varia de 0 [pessimismo total] a 200 pontos [otimismo total].<\/p>\n<p>Segundo a federa\u00e7\u00e3o, o \u00edndice atingiu 75,9 pontos em maio, o que significou queda de 7,2% em rela\u00e7\u00e3o ao mesmo m\u00eas do ano passado.<\/p>\n<p>Para a FecomercioSP, o que puxou o crescimento do indicador no m\u00eas de maio foram as pequenas empresas, que \u201ccome\u00e7am a vislumbrar uma melhoria\u201d no pa\u00eds. Segundo a federa\u00e7\u00e3o, o fato de o indicador continuar abaixo dos 100 pontos indica que os empres\u00e1rios do com\u00e9rcio de S\u00e3o Paulo continuam vendo com desconfian\u00e7a o atual momento econ\u00f4mico, afetado pela crise econ\u00f4mica e incertezas pol\u00edticas.<\/p>\n<p>\u201cA falta de perspectivas mais concretas para o cen\u00e1rio econ\u00f4mico e pol\u00edtico ainda denota uma resist\u00eancia na mudan\u00e7a desse panorama no curto prazo. Entretanto, tudo indica que os empres\u00e1rios j\u00e1 compreenderam que a recupera\u00e7\u00e3o do n\u00edvel de atividade passa pela reorganiza\u00e7\u00e3o pol\u00edtica, aprova\u00e7\u00e3o das medidas e reformas e uma nova agenda econ\u00f4mica, que ajudar\u00e3o a retomar a confian\u00e7a de todos\u201d, diz a FecomercioSP.<\/p>\n<p>Elaine Patricia Cruz \u2013 Rep\u00f3rter da Ag\u00eancia Brasil<br \/>\nEdi\u00e7\u00e3o: N\u00e1dia Franco<br \/>\n21\/06\/2016<\/p>\n","protected":false},"excerpt":{"rendered":"<p>Os empres\u00e1rios do com\u00e9rcio paulistano continuam pessimistas com o n\u00edvel de atividade da economia. Apesar disso, no m\u00eas de maio, o \u00edndice de confian\u00e7a da categoria na economia brasileira teve aumento de 1,5% na compara\u00e7\u00e3o com abril, revelou o \u00cdndice de Confian\u00e7a do Empres\u00e1rio do Com\u00e9rcio (Icec), divulgado pela Federa\u00e7\u00e3o do Com\u00e9rcio de Bens, Servi\u00e7os [&hellip;]<\/p>\n","protected":false},"author":2,"featured_media":57585,"comment_status":"open","ping_status":"closed","sticky":false,"template":"","format":"standard","meta":{"_genesis_hide_title":false,"_genesis_hide_breadcrumbs":false,"_genesis_hide_singular_image":false,"_genesis_hide_footer_widgets":false,"_genesis_custom_body_class":"","_genesis_custom_post_class":"","_genesis_layout":"","_jetpack_memberships_contains_paid_content":false,"footnotes":""},"categories":[22,7],"tags":[],"class_list":{"0":"post-88610","1":"post","2":"type-post","3":"status-publish","4":"format-standard","5":"has-post-thumbnail","7":"category-brasil","8":"category-economia","9":"entry","10":"gs-1","11":"gs-odd","12":"gs-even","13":"gs-featured-content-entry"},"jetpack_featured_media_url":"https:\/\/www.redenoticia.com.br\/noticia\/imagens\/analise-economia.jpg","jetpack_sharing_enabled":true,"jetpack_likes_enabled":true,"_links":{"self":[{"href":"https:\/\/www.redenoticia.com.br\/noticia\/wp-json\/wp\/v2\/posts\/88610","targetHints":{"allow":["GET"]}}],"collection":[{"href":"https:\/\/www.redenoticia.com.br\/noticia\/wp-json\/wp\/v2\/posts"}],"about":[{"href":"https:\/\/www.redenoticia.com.br\/noticia\/wp-json\/wp\/v2\/types\/post"}],"author":[{"embeddable":true,"href":"https:\/\/www.redenoticia.com.br\/noticia\/wp-json\/wp\/v2\/users\/2"}],"replies":[{"embeddable":true,"href":"https:\/\/www.redenoticia.com.br\/noticia\/wp-json\/wp\/v2\/comments?post=88610"}],"version-history":[{"count":0,"href":"https:\/\/www.redenoticia.com.br\/noticia\/wp-json\/wp\/v2\/posts\/88610\/revisions"}],"wp:featuredmedia":[{"embeddable":true,"href":"https:\/\/www.redenoticia.com.br\/noticia\/wp-json\/wp\/v2\/media\/57585"}],"wp:attachment":[{"href":"https:\/\/www.redenoticia.com.br\/noticia\/wp-json\/wp\/v2\/media?parent=88610"}],"wp:term":[{"taxonomy":"category","embeddable":true,"href":"https:\/\/www.redenoticia.com.br\/noticia\/wp-json\/wp\/v2\/categories?post=88610"},{"taxonomy":"post_tag","embeddable":true,"href":"https:\/\/www.redenoticia.com.br\/noticia\/wp-json\/wp\/v2\/tags?post=88610"}],"curies":[{"name":"wp","href":"https:\/\/api.w.org\/{rel}","templated":true}]}}