{"id":88608,"date":"2016-06-21T10:13:42","date_gmt":"2016-06-21T13:13:42","guid":{"rendered":"http:\/\/www.redenoticia.com.br\/noticia\/?p=88608"},"modified":"2016-06-20T19:00:08","modified_gmt":"2016-06-20T22:00:08","slug":"cni-registra-em-maio-queda-menor-na-atividade-da-industria-da-construcao","status":"publish","type":"post","link":"https:\/\/www.redenoticia.com.br\/noticia\/2016\/cni-registra-em-maio-queda-menor-na-atividade-da-industria-da-construcao\/88608","title":{"rendered":"CNI registra em maio queda menor na atividade da ind\u00fastria da constru\u00e7\u00e3o"},"content":{"rendered":"<p> A <strong><em>atividade da ind\u00fastria da constru\u00e7\u00e3o<\/em><\/strong> continua em queda, mas em maio o ritmo do recuo foi menos intenso, informou a Confedera\u00e7\u00e3o Nacional da Ind\u00fastria (CNI). O \u00edndice de evolu\u00e7\u00e3o do n\u00edvel de atividade registrou 40,1 pontos no m\u00eas passado, contra 36,4 pontos em abril, conforme os n\u00fameros da Sondagem Ind\u00fastria da Constru\u00e7\u00e3o.<\/p>\n<p>Os dados da pesquisa variam de zero a 100 pontos. Quando est\u00e3o abaixo de 50, s\u00e3o negativos. Quanto mais abaixo de 50 pontos, maior e mais disseminada \u00e9 a retra\u00e7\u00e3o na atividade e no emprego.<\/p>\n<p> Segundo a CNI, o indicador de evolu\u00e7\u00e3o do n\u00famero de empregados tamb\u00e9m apresentou leve melhora, apesar de continuar em queda. O \u00edndice, que era de 35,7 pontos em abril, passou para 38,1 pontos em maio.<\/p>\n<p>Expectativas<\/p>\n<p>O \u00edndice de inten\u00e7\u00e3o de investimento passou de 23,2 pontos em maio para 26,9 pontos em junho. O \u00edndice de expectativa de n\u00edvel de atividade atingiu em junho a 44,6 pontos ante 40,6 pontos em maio.<\/p>\n<p>Quanto ao n\u00famero de empregados, o \u00edndice subiu para 42,3 pontos, contra 38,4 pontos no m\u00eas anterior. Apesar de ter registrado aumento, os indicadores permanecem abaixo dos 50 pontos, o que, de acordo com a CNI, continua a indicar expectativa de queda.<\/p>\n<p>O levantamento foi feito entre 1\u00ba e 13 de junho com 577 empresas, das quais 183 s\u00e3o pequenas, 260 m\u00e9dias e 134 de grande porte.<\/p>\n<p>Da Ag\u00eancia Brasil<br \/>\nEdi\u00e7\u00e3o: Armando Cardoso<br \/>\n21\/06\/2016<\/p>\n","protected":false},"excerpt":{"rendered":"<p>A atividade da ind\u00fastria da constru\u00e7\u00e3o continua em queda, mas em maio o ritmo do recuo foi menos intenso, informou a Confedera\u00e7\u00e3o Nacional da Ind\u00fastria (CNI). O \u00edndice de evolu\u00e7\u00e3o do n\u00edvel de atividade registrou 40,1 pontos no m\u00eas passado, contra 36,4 pontos em abril, conforme os n\u00fameros da Sondagem Ind\u00fastria da Constru\u00e7\u00e3o. Os dados [&hellip;]<\/p>\n","protected":false},"author":2,"featured_media":57583,"comment_status":"open","ping_status":"closed","sticky":false,"template":"","format":"standard","meta":{"_genesis_hide_title":false,"_genesis_hide_breadcrumbs":false,"_genesis_hide_singular_image":false,"_genesis_hide_footer_widgets":false,"_genesis_custom_body_class":"","_genesis_custom_post_class":"","_genesis_layout":"","_jetpack_memberships_contains_paid_content":false,"footnotes":""},"categories":[22,7],"tags":[],"class_list":{"0":"post-88608","1":"post","2":"type-post","3":"status-publish","4":"format-standard","5":"has-post-thumbnail","7":"category-brasil","8":"category-economia","9":"entry","10":"gs-1","11":"gs-odd","12":"gs-even","13":"gs-featured-content-entry"},"jetpack_featured_media_url":"https:\/\/www.redenoticia.com.br\/noticia\/imagens\/economia-grafico.jpg","jetpack_sharing_enabled":true,"jetpack_likes_enabled":true,"_links":{"self":[{"href":"https:\/\/www.redenoticia.com.br\/noticia\/wp-json\/wp\/v2\/posts\/88608","targetHints":{"allow":["GET"]}}],"collection":[{"href":"https:\/\/www.redenoticia.com.br\/noticia\/wp-json\/wp\/v2\/posts"}],"about":[{"href":"https:\/\/www.redenoticia.com.br\/noticia\/wp-json\/wp\/v2\/types\/post"}],"author":[{"embeddable":true,"href":"https:\/\/www.redenoticia.com.br\/noticia\/wp-json\/wp\/v2\/users\/2"}],"replies":[{"embeddable":true,"href":"https:\/\/www.redenoticia.com.br\/noticia\/wp-json\/wp\/v2\/comments?post=88608"}],"version-history":[{"count":0,"href":"https:\/\/www.redenoticia.com.br\/noticia\/wp-json\/wp\/v2\/posts\/88608\/revisions"}],"wp:featuredmedia":[{"embeddable":true,"href":"https:\/\/www.redenoticia.com.br\/noticia\/wp-json\/wp\/v2\/media\/57583"}],"wp:attachment":[{"href":"https:\/\/www.redenoticia.com.br\/noticia\/wp-json\/wp\/v2\/media?parent=88608"}],"wp:term":[{"taxonomy":"category","embeddable":true,"href":"https:\/\/www.redenoticia.com.br\/noticia\/wp-json\/wp\/v2\/categories?post=88608"},{"taxonomy":"post_tag","embeddable":true,"href":"https:\/\/www.redenoticia.com.br\/noticia\/wp-json\/wp\/v2\/tags?post=88608"}],"curies":[{"name":"wp","href":"https:\/\/api.w.org\/{rel}","templated":true}]}}