{"id":88606,"date":"2016-06-21T10:10:30","date_gmt":"2016-06-21T13:10:30","guid":{"rendered":"http:\/\/www.redenoticia.com.br\/noticia\/?p=88606"},"modified":"2016-06-20T18:58:37","modified_gmt":"2016-06-20T21:58:37","slug":"serasa-experian-indica-crescimento-de-5-na-demanda-por-credito-em-maio","status":"publish","type":"post","link":"https:\/\/www.redenoticia.com.br\/noticia\/2016\/serasa-experian-indica-crescimento-de-5-na-demanda-por-credito-em-maio\/88606","title":{"rendered":"Serasa Experian indica crescimento de 5% na demanda por cr\u00e9dito em maio"},"content":{"rendered":"<p> A quantidade de pessoas que buscou <strong><em>cr\u00e9dito<\/em><\/strong> em maio cresceu 5% na compara\u00e7\u00e3o a abril e 2,1% na rela\u00e7\u00e3o com o mesmo m\u00eas do ano passado, de acordo com o Indicador Serasa Experian da Demanda do Consumidor por Cr\u00e9dito. Segundo o indicador, entre janeiro e maio deste ano a demanda do consumidor por cr\u00e9dito cresceu 2,5% em rela\u00e7\u00e3o ao mesmo per\u00edodo de 2015.<\/p>\n<p> Para os economistas da Serasa Experian, o crescimento da busca por cr\u00e9dito em maio foi estimulado pelo Dia das M\u00e3es. No entanto, eles consideraram que o crescimento em rela\u00e7\u00e3o a maio do ano passado foi pequeno por causa das condi\u00e7\u00f5es mais restritivas para cr\u00e9dito este ano.<\/p>\n<p>Por regi\u00f5es<\/p>\n<p>Em maio, houve crescimento na procura do consumidor por cr\u00e9dito em todas as regi\u00f5es do pa\u00eds na compara\u00e7\u00e3o com abril. Na regi\u00e3o Sudeste, a demanda por cr\u00e9dito cresceu 6,2%, enquanto no Nordeste, Centro-Oeste, Sul 2,8% e Norte a demanda registrou crescimento de 5,0%, 4,3%, 2,8% e 2,6%, respectivamente.<\/p>\n<p>No acumulado dos primeiros cinco meses deste ano, as demandas dos consumidores por cr\u00e9dito avan\u00e7aram 5,0% na Regi\u00e3o Sul, 3,9% no Sudeste e 2,9% no Centro-Oeste, mas apresentaram quedas nas regi\u00f5es Norte (-2,4%) e Nordeste (-2,5%).<\/p>\n<p>Elaine Patricia Cruz \u2013 Rep\u00f3rter da Ag\u00eancia Brasil<br \/>\nEdi\u00e7\u00e3o: Armando Cardoso<br \/>\n21\/06\/2016<\/p>\n","protected":false},"excerpt":{"rendered":"<p>A quantidade de pessoas que buscou cr\u00e9dito em maio cresceu 5% na compara\u00e7\u00e3o a abril e 2,1% na rela\u00e7\u00e3o com o mesmo m\u00eas do ano passado, de acordo com o Indicador Serasa Experian da Demanda do Consumidor por Cr\u00e9dito. Segundo o indicador, entre janeiro e maio deste ano a demanda do consumidor por cr\u00e9dito cresceu [&hellip;]<\/p>\n","protected":false},"author":2,"featured_media":57582,"comment_status":"open","ping_status":"closed","sticky":false,"template":"","format":"standard","meta":{"_genesis_hide_title":false,"_genesis_hide_breadcrumbs":false,"_genesis_hide_singular_image":false,"_genesis_hide_footer_widgets":false,"_genesis_custom_body_class":"","_genesis_custom_post_class":"","_genesis_layout":"","_jetpack_memberships_contains_paid_content":false,"footnotes":""},"categories":[22,7],"tags":[],"class_list":{"0":"post-88606","1":"post","2":"type-post","3":"status-publish","4":"format-standard","5":"has-post-thumbnail","7":"category-brasil","8":"category-economia","9":"entry","10":"gs-1","11":"gs-odd","12":"gs-even","13":"gs-featured-content-entry"},"jetpack_featured_media_url":"https:\/\/www.redenoticia.com.br\/noticia\/imagens\/grafico1.jpg","jetpack_sharing_enabled":true,"jetpack_likes_enabled":true,"_links":{"self":[{"href":"https:\/\/www.redenoticia.com.br\/noticia\/wp-json\/wp\/v2\/posts\/88606","targetHints":{"allow":["GET"]}}],"collection":[{"href":"https:\/\/www.redenoticia.com.br\/noticia\/wp-json\/wp\/v2\/posts"}],"about":[{"href":"https:\/\/www.redenoticia.com.br\/noticia\/wp-json\/wp\/v2\/types\/post"}],"author":[{"embeddable":true,"href":"https:\/\/www.redenoticia.com.br\/noticia\/wp-json\/wp\/v2\/users\/2"}],"replies":[{"embeddable":true,"href":"https:\/\/www.redenoticia.com.br\/noticia\/wp-json\/wp\/v2\/comments?post=88606"}],"version-history":[{"count":0,"href":"https:\/\/www.redenoticia.com.br\/noticia\/wp-json\/wp\/v2\/posts\/88606\/revisions"}],"wp:featuredmedia":[{"embeddable":true,"href":"https:\/\/www.redenoticia.com.br\/noticia\/wp-json\/wp\/v2\/media\/57582"}],"wp:attachment":[{"href":"https:\/\/www.redenoticia.com.br\/noticia\/wp-json\/wp\/v2\/media?parent=88606"}],"wp:term":[{"taxonomy":"category","embeddable":true,"href":"https:\/\/www.redenoticia.com.br\/noticia\/wp-json\/wp\/v2\/categories?post=88606"},{"taxonomy":"post_tag","embeddable":true,"href":"https:\/\/www.redenoticia.com.br\/noticia\/wp-json\/wp\/v2\/tags?post=88606"}],"curies":[{"name":"wp","href":"https:\/\/api.w.org\/{rel}","templated":true}]}}