{"id":88604,"date":"2016-06-21T10:06:29","date_gmt":"2016-06-21T13:06:29","guid":{"rendered":"http:\/\/www.redenoticia.com.br\/noticia\/?p=88604"},"modified":"2016-06-20T18:57:26","modified_gmt":"2016-06-20T21:57:26","slug":"projecao-de-inflacao-sobe-pela-quinta-vez-e-vai-para-725","status":"publish","type":"post","link":"https:\/\/www.redenoticia.com.br\/noticia\/2016\/projecao-de-inflacao-sobe-pela-quinta-vez-e-vai-para-725\/88604","title":{"rendered":"Proje\u00e7\u00e3o de infla\u00e7\u00e3o sobe pela quinta vez e vai para 7,25%"},"content":{"rendered":"<p> A proje\u00e7\u00e3o de institui\u00e7\u00f5es financeiras para a <strong><em>infla\u00e7\u00e3o<\/em><\/strong>, medida pelo \u00cdndice Nacional de Pre\u00e7os ao Consumidor Amplo (IPCA), este ano, subiu pela quinta vez seguida, ao passar de 7,19% para 7,25%. Para 2017, a estimativa \u00e9 mantida em 5,50% h\u00e1 cinco semanas. As proje\u00e7\u00f5es fazem parte de pesquisa feita todas as semanas pelo Banco Central (BC).<\/p>\n<p>As estimativas est\u00e3o acima do centro da meta de infla\u00e7\u00e3o de 4,5%. O limite superior da meta de infla\u00e7\u00e3o \u00e9 6,5%, este ano e 6% em 2017. \u00c9 fun\u00e7\u00e3o do Banco Central fazer com que a infla\u00e7\u00e3o fique dentro da meta. Um dos instrumentos usados para influenciar a atividade econ\u00f4mica e, consequentemente, a infla\u00e7\u00e3o, \u00e9 a taxa b\u00e1sica de juros, a Selic.<\/p>\n<p>Pre\u00e7os<\/p>\n<p>Quando o Comit\u00ea de Pol\u00edtica Monet\u00e1ria (Copom) do Banco Central aumenta a Selic, o objetivo \u00e9 conter a demanda aquecida, e isso gera reflexos nos pre\u00e7os, porque os juros mais altos encarecem o cr\u00e9dito e estimulam a poupan\u00e7a. J\u00e1 quando o Copom reduz os juros b\u00e1sicos, a tend\u00eancia \u00e9 que o cr\u00e9dito fique mais barato, com incentivo \u00e0 produ\u00e7\u00e3o e ao consumo, mas a medida alivia o controle sobre a infla\u00e7\u00e3o.<\/p>\n<p>O BC tem que encontrar equil\u00edbrio ao tomar decis\u00f5es sobre a taxa b\u00e1sica de juros, de modo a fazer com que a infla\u00e7\u00e3o fique dentro da meta estabelecida pelo Conselho Monet\u00e1rio Nacional. Atualmente, a Selic est\u00e1 em 14,25% ao ano.<\/p>\n<p>A expectativa das institui\u00e7\u00f5es financeiras para a taxa ao final de 2016 foi mantida em 13% ao ano. Para o fim de 2017, tamb\u00e9m n\u00e3o houve altera\u00e7\u00e3o na expectativa: 11,25% ao ano. A estimativa de institui\u00e7\u00f5es financeiras para a queda do Produto Interno Bruto (PIB), soma de todos os bens e servi\u00e7os produzidos no pa\u00eds, foi alterada de 3,60% para 3,44%, neste ano. Para 2017, a estimativa de crescimento foi mantida em 1%.<\/p>\n<p>A proje\u00e7\u00e3o para a cota\u00e7\u00e3o do d\u00f3lar passou de R$ 3,65 para R$ 3,60, no fim deste ano, e de R$ 3,81 para R$ 3,80, no final de 2017.<\/p>\n<p>Kelly Oliveira &#8211; Rep\u00f3rter da Ag\u00eancia Brasil<br \/>\nEdi\u00e7\u00e3o: Kleber Sampaio<br \/>\n21\/06\/2016<\/p>\n","protected":false},"excerpt":{"rendered":"<p>A proje\u00e7\u00e3o de institui\u00e7\u00f5es financeiras para a infla\u00e7\u00e3o, medida pelo \u00cdndice Nacional de Pre\u00e7os ao Consumidor Amplo (IPCA), este ano, subiu pela quinta vez seguida, ao passar de 7,19% para 7,25%. Para 2017, a estimativa \u00e9 mantida em 5,50% h\u00e1 cinco semanas. As proje\u00e7\u00f5es fazem parte de pesquisa feita todas as semanas pelo Banco Central [&hellip;]<\/p>\n","protected":false},"author":2,"featured_media":34916,"comment_status":"open","ping_status":"closed","sticky":false,"template":"","format":"standard","meta":{"_genesis_hide_title":false,"_genesis_hide_breadcrumbs":false,"_genesis_hide_singular_image":false,"_genesis_hide_footer_widgets":false,"_genesis_custom_body_class":"","_genesis_custom_post_class":"","_genesis_layout":"","_jetpack_memberships_contains_paid_content":false,"footnotes":""},"categories":[22,7],"tags":[],"class_list":{"0":"post-88604","1":"post","2":"type-post","3":"status-publish","4":"format-standard","5":"has-post-thumbnail","7":"category-brasil","8":"category-economia","9":"entry","10":"gs-1","11":"gs-odd","12":"gs-even","13":"gs-featured-content-entry"},"jetpack_featured_media_url":"https:\/\/www.redenoticia.com.br\/noticia\/imagens\/inflacao.jpg","jetpack_sharing_enabled":true,"jetpack_likes_enabled":true,"_links":{"self":[{"href":"https:\/\/www.redenoticia.com.br\/noticia\/wp-json\/wp\/v2\/posts\/88604","targetHints":{"allow":["GET"]}}],"collection":[{"href":"https:\/\/www.redenoticia.com.br\/noticia\/wp-json\/wp\/v2\/posts"}],"about":[{"href":"https:\/\/www.redenoticia.com.br\/noticia\/wp-json\/wp\/v2\/types\/post"}],"author":[{"embeddable":true,"href":"https:\/\/www.redenoticia.com.br\/noticia\/wp-json\/wp\/v2\/users\/2"}],"replies":[{"embeddable":true,"href":"https:\/\/www.redenoticia.com.br\/noticia\/wp-json\/wp\/v2\/comments?post=88604"}],"version-history":[{"count":0,"href":"https:\/\/www.redenoticia.com.br\/noticia\/wp-json\/wp\/v2\/posts\/88604\/revisions"}],"wp:featuredmedia":[{"embeddable":true,"href":"https:\/\/www.redenoticia.com.br\/noticia\/wp-json\/wp\/v2\/media\/34916"}],"wp:attachment":[{"href":"https:\/\/www.redenoticia.com.br\/noticia\/wp-json\/wp\/v2\/media?parent=88604"}],"wp:term":[{"taxonomy":"category","embeddable":true,"href":"https:\/\/www.redenoticia.com.br\/noticia\/wp-json\/wp\/v2\/categories?post=88604"},{"taxonomy":"post_tag","embeddable":true,"href":"https:\/\/www.redenoticia.com.br\/noticia\/wp-json\/wp\/v2\/tags?post=88604"}],"curies":[{"name":"wp","href":"https:\/\/api.w.org\/{rel}","templated":true}]}}