{"id":88539,"date":"2016-06-20T10:22:16","date_gmt":"2016-06-20T13:22:16","guid":{"rendered":"http:\/\/www.redenoticia.com.br\/noticia\/?p=88539"},"modified":"2016-06-19T17:23:12","modified_gmt":"2016-06-19T20:23:12","slug":"empregos-na-construcao-civil-registram-queda-de-061-em-abril","status":"publish","type":"post","link":"https:\/\/www.redenoticia.com.br\/noticia\/2016\/empregos-na-construcao-civil-registram-queda-de-061-em-abril\/88539","title":{"rendered":"Empregos na constru\u00e7\u00e3o civil registram queda de 0,61% em abril"},"content":{"rendered":"<p> A constru\u00e7\u00e3o civil registrou queda de 0,61% no <strong><em>n\u00edvel de emprego<\/em><\/strong> no m\u00eas de abril na compara\u00e7\u00e3o com o de mar\u00e7o. Foram fechados 17,4 mil postos de trabalho. Desde outubro de 2014, o setor apresenta quedas consecutivas, revela pesquisa do Sindicato da Ind\u00fastria da Constru\u00e7\u00e3o Civil do Estado de S\u00e3o Paulo (SindusCon-SP) em parceria com a Funda\u00e7\u00e3o Getulio Vargas (FGV), com base em informa\u00e7\u00f5es do Minist\u00e9rio do Trabalho e Emprego.<\/p>\n<p>De acordo com a pesquisa, no acumulado do ano, foram demitidas 72,9 mil pessoas. Em 12 meses, o total de cortes chega a 398,2 mil trabalhadores, mesmo patamar de maio de 2010.<\/p>\n<p>Por segmento, as obras de instala\u00e7\u00e3o tiveram a maior retra\u00e7\u00e3o (-1,45%) em abril na compara\u00e7\u00e3o com mar\u00e7o, seguidas pelo setor imobili\u00e1rio (-0,83%). No acumulado do ano, contra o mesmo per\u00edodo do ano anterior, o segmento imobili\u00e1rio apresenta a maior queda (-16,98%).<\/p>\n<p>Por regi\u00f5es, os piores resultados foram observados no Nordeste (-1,75%) e no Norte (-0,89%). Na outra ponta, o Centro-Oeste apresentou alta de 1,43%, seguido pela Regi\u00e3o Sul, com 0,10%.<\/p>\n<p>Para o presidente do SindusCon-SP, Jos\u00e9 Romeu Ferraz Neto, a queda era esperada, por causa da recess\u00e3o, e se repetir\u00e1 nos pr\u00f3ximos meses, caso n\u00e3o haja incentivos ao setor.<\/p>\n<p>Fernanda Cruz \u2013 Rep\u00f3rter da Ag\u00eancia Brasil<br \/>\nEdi\u00e7\u00e3o: N\u00e1dia Franco<br \/>\n20\/06\/2016 <\/p>\n","protected":false},"excerpt":{"rendered":"<p>A constru\u00e7\u00e3o civil registrou queda de 0,61% no n\u00edvel de emprego no m\u00eas de abril na compara\u00e7\u00e3o com o de mar\u00e7o. Foram fechados 17,4 mil postos de trabalho. Desde outubro de 2014, o setor apresenta quedas consecutivas, revela pesquisa do Sindicato da Ind\u00fastria da Constru\u00e7\u00e3o Civil do Estado de S\u00e3o Paulo (SindusCon-SP) em parceria com [&hellip;]<\/p>\n","protected":false},"author":2,"featured_media":57583,"comment_status":"open","ping_status":"closed","sticky":false,"template":"","format":"standard","meta":{"_genesis_hide_title":false,"_genesis_hide_breadcrumbs":false,"_genesis_hide_singular_image":false,"_genesis_hide_footer_widgets":false,"_genesis_custom_body_class":"","_genesis_custom_post_class":"","_genesis_layout":"","_jetpack_memberships_contains_paid_content":false,"footnotes":""},"categories":[22,7],"tags":[],"class_list":{"0":"post-88539","1":"post","2":"type-post","3":"status-publish","4":"format-standard","5":"has-post-thumbnail","7":"category-brasil","8":"category-economia","9":"entry","10":"gs-1","11":"gs-odd","12":"gs-even","13":"gs-featured-content-entry"},"jetpack_featured_media_url":"https:\/\/www.redenoticia.com.br\/noticia\/imagens\/economia-grafico.jpg","jetpack_sharing_enabled":true,"jetpack_likes_enabled":true,"_links":{"self":[{"href":"https:\/\/www.redenoticia.com.br\/noticia\/wp-json\/wp\/v2\/posts\/88539","targetHints":{"allow":["GET"]}}],"collection":[{"href":"https:\/\/www.redenoticia.com.br\/noticia\/wp-json\/wp\/v2\/posts"}],"about":[{"href":"https:\/\/www.redenoticia.com.br\/noticia\/wp-json\/wp\/v2\/types\/post"}],"author":[{"embeddable":true,"href":"https:\/\/www.redenoticia.com.br\/noticia\/wp-json\/wp\/v2\/users\/2"}],"replies":[{"embeddable":true,"href":"https:\/\/www.redenoticia.com.br\/noticia\/wp-json\/wp\/v2\/comments?post=88539"}],"version-history":[{"count":0,"href":"https:\/\/www.redenoticia.com.br\/noticia\/wp-json\/wp\/v2\/posts\/88539\/revisions"}],"wp:featuredmedia":[{"embeddable":true,"href":"https:\/\/www.redenoticia.com.br\/noticia\/wp-json\/wp\/v2\/media\/57583"}],"wp:attachment":[{"href":"https:\/\/www.redenoticia.com.br\/noticia\/wp-json\/wp\/v2\/media?parent=88539"}],"wp:term":[{"taxonomy":"category","embeddable":true,"href":"https:\/\/www.redenoticia.com.br\/noticia\/wp-json\/wp\/v2\/categories?post=88539"},{"taxonomy":"post_tag","embeddable":true,"href":"https:\/\/www.redenoticia.com.br\/noticia\/wp-json\/wp\/v2\/tags?post=88539"}],"curies":[{"name":"wp","href":"https:\/\/api.w.org\/{rel}","templated":true}]}}