{"id":88537,"date":"2016-06-20T10:21:26","date_gmt":"2016-06-20T13:21:26","guid":{"rendered":"http:\/\/www.redenoticia.com.br\/noticia\/?p=88537"},"modified":"2016-06-19T17:22:13","modified_gmt":"2016-06-19T20:22:13","slug":"indicador-de-expectativa-economica-sobe-25-diz-a-fgv","status":"publish","type":"post","link":"https:\/\/www.redenoticia.com.br\/noticia\/2016\/indicador-de-expectativa-economica-sobe-25-diz-a-fgv\/88537","title":{"rendered":"Indicador de expectativa econ\u00f4mica sobe 2,5%, diz a FGV"},"content":{"rendered":"<p> O <strong><em>Indicador Antecedente Composto da Economia<\/em><\/strong> (Iace) teve uma varia\u00e7\u00e3o positiva de 2,5% em maio, divulgou o Instituto Brasileiro de Economia da Funda\u00e7\u00e3o Get\u00falio Vargas (Ibre\/FGV), em parceria com a institui\u00e7\u00e3o norte-americana The Conference Board (TCB). Composto por oito indicadores que medem expectativas para a atividade econ\u00f4mica no Brasil, o \u00edndice teve sua terceira alta seguida e &#8220;aponta um estancamento da tend\u00eancia de queda no n\u00edvel de atividade&#8221;, disse o economista Paulo Picchetti.<\/p>\n<p>Segundo a an\u00e1lise do pesquisador da FGV, &#8220;as condi\u00e7\u00f5es pol\u00edticas continuam fundamentais para avaliar se a tend\u00eancia recente do Iace efetivamente sinaliza uma revers\u00e3o do ciclo econ\u00f4mico no m\u00e9dio prazo&#8221;.<\/p>\n<p>Em abril, o Iace apresentou aumento de 0,9% e, em mar\u00e7o, a alta foi de 1%. Com as expans\u00f5es dos \u00faltimos meses, o indicador est\u00e1 em 93,9 pontos em uma escala em que o n\u00edvel de 2010 era de 100 pontos.<\/p>\n<p>\u00cdndices agregados<\/p>\n<p>O indicador agrega \u00edndices como o Ibovespa, as expectativas do consumidor, da ind\u00fastria e dos servi\u00e7os, o total de exporta\u00e7\u00f5es e a produ\u00e7\u00e3o f\u00edsica de bens de consumo dur\u00e1veis. Os \u00edndices selecionados, segundo a FGV, v\u00eam se mostrando eficientes para antecipar tend\u00eancias econ\u00f4micas, e, com o c\u00e1lculo agregado, \u00e9 poss\u00edvel a compara\u00e7\u00e3o com mais 11 pa\u00edses e regi\u00f5es: China, Estados Unidos, Zona do Euro, Austr\u00e1lia, Fran\u00e7a, Alemanha, Jap\u00e3o, M\u00e9xico, Cor\u00e9ia do Sul, Espanha e Reino Unido.<\/p>\n<p>A FGV e o TCB tamb\u00e9m divulgaram hoje o Indicador Coincidente Composto da Economia, que mede as condi\u00e7\u00f5es atuais do pa\u00eds. O resultado foi est\u00e1vel pelo segundo m\u00eas seguido. Esse indicador est\u00e1 em 97,9 pontos, tamb\u00e9m abaixo dos 100 pontos que servem de base de compara\u00e7\u00e3o como atividade econ\u00f4mica de 2010.<\/p>\n<p>Vin\u00edcius Lisboa &#8211; Rep\u00f3rter da Ag\u00eancia Brasil<br \/>\nEdi\u00e7\u00e3o: Kleber Sampaio<br \/>\n20\/06\/2016<\/p>\n","protected":false},"excerpt":{"rendered":"<p>O Indicador Antecedente Composto da Economia (Iace) teve uma varia\u00e7\u00e3o positiva de 2,5% em maio, divulgou o Instituto Brasileiro de Economia da Funda\u00e7\u00e3o Get\u00falio Vargas (Ibre\/FGV), em parceria com a institui\u00e7\u00e3o norte-americana The Conference Board (TCB). Composto por oito indicadores que medem expectativas para a atividade econ\u00f4mica no Brasil, o \u00edndice teve sua terceira alta [&hellip;]<\/p>\n","protected":false},"author":2,"featured_media":57582,"comment_status":"open","ping_status":"closed","sticky":false,"template":"","format":"standard","meta":{"_genesis_hide_title":false,"_genesis_hide_breadcrumbs":false,"_genesis_hide_singular_image":false,"_genesis_hide_footer_widgets":false,"_genesis_custom_body_class":"","_genesis_custom_post_class":"","_genesis_layout":"","_jetpack_memberships_contains_paid_content":false,"footnotes":""},"categories":[22,7],"tags":[],"class_list":{"0":"post-88537","1":"post","2":"type-post","3":"status-publish","4":"format-standard","5":"has-post-thumbnail","7":"category-brasil","8":"category-economia","9":"entry","10":"gs-1","11":"gs-odd","12":"gs-even","13":"gs-featured-content-entry"},"jetpack_featured_media_url":"https:\/\/www.redenoticia.com.br\/noticia\/imagens\/grafico1.jpg","jetpack_sharing_enabled":true,"jetpack_likes_enabled":true,"_links":{"self":[{"href":"https:\/\/www.redenoticia.com.br\/noticia\/wp-json\/wp\/v2\/posts\/88537","targetHints":{"allow":["GET"]}}],"collection":[{"href":"https:\/\/www.redenoticia.com.br\/noticia\/wp-json\/wp\/v2\/posts"}],"about":[{"href":"https:\/\/www.redenoticia.com.br\/noticia\/wp-json\/wp\/v2\/types\/post"}],"author":[{"embeddable":true,"href":"https:\/\/www.redenoticia.com.br\/noticia\/wp-json\/wp\/v2\/users\/2"}],"replies":[{"embeddable":true,"href":"https:\/\/www.redenoticia.com.br\/noticia\/wp-json\/wp\/v2\/comments?post=88537"}],"version-history":[{"count":0,"href":"https:\/\/www.redenoticia.com.br\/noticia\/wp-json\/wp\/v2\/posts\/88537\/revisions"}],"wp:featuredmedia":[{"embeddable":true,"href":"https:\/\/www.redenoticia.com.br\/noticia\/wp-json\/wp\/v2\/media\/57582"}],"wp:attachment":[{"href":"https:\/\/www.redenoticia.com.br\/noticia\/wp-json\/wp\/v2\/media?parent=88537"}],"wp:term":[{"taxonomy":"category","embeddable":true,"href":"https:\/\/www.redenoticia.com.br\/noticia\/wp-json\/wp\/v2\/categories?post=88537"},{"taxonomy":"post_tag","embeddable":true,"href":"https:\/\/www.redenoticia.com.br\/noticia\/wp-json\/wp\/v2\/tags?post=88537"}],"curies":[{"name":"wp","href":"https:\/\/api.w.org\/{rel}","templated":true}]}}