{"id":88535,"date":"2016-06-20T10:20:14","date_gmt":"2016-06-20T13:20:14","guid":{"rendered":"http:\/\/www.redenoticia.com.br\/noticia\/?p=88535"},"modified":"2016-06-19T17:21:22","modified_gmt":"2016-06-19T20:21:22","slug":"cni-diz-que-atividade-industrial-esta-em-queda","status":"publish","type":"post","link":"https:\/\/www.redenoticia.com.br\/noticia\/2016\/cni-diz-que-atividade-industrial-esta-em-queda\/88535","title":{"rendered":"CNI diz que atividade industrial est\u00e1 em queda"},"content":{"rendered":"<p> A <strong><em>atividade da ind\u00fastria<\/em><\/strong> continuou em queda em maio, mas o recuo foi menos intenso que os verificados em abril e no mesmo per\u00edodo de 2015, informou a Confedera\u00e7\u00e3o Nacional da Ind\u00fastria (CNI), no boletim Sondagem Industrial. O \u00edndice de evolu\u00e7\u00e3o da produ\u00e7\u00e3o ficou em 45,5 pontos em maio contra 42,4 em abril.<\/p>\n<p>H\u00e1, ainda, melhora nas expectativas do empresariado, principalmente em rela\u00e7\u00e3o \u00e0 demanda, cujo \u00edndice saltou de 47,8 para 51 pontos. Os indicadores de evolu\u00e7\u00e3o de produ\u00e7\u00e3o e de expectativa de demanda variam de zero a cem. Valores acima de 50 pontos indicam aumento na compara\u00e7\u00e3o com o m\u00eas anterior e expectativa de aumento para os pr\u00f3ximos seis meses.<\/p>\n<p>Segundo a CNI, as expectativas com rela\u00e7\u00e3o \u00e0s exporta\u00e7\u00f5es se tornaram otimistas. O \u00edndice de expectativa de quantidade exportada passou de 50,7 para 52,5 pontos. O empresariado tamb\u00e9m se disse menos pessimista quanto ao n\u00famero de empregados e \u00e0 compra de mat\u00e9rias-primas. Houve aumento no \u00edndice de expectativas desses dois indicadores, mas a pontua\u00e7\u00e3o permanece abaixo dos 50 pontos.<\/p>\n<p>Estoques<\/p>\n<p>Os n\u00fameros mostram tamb\u00e9m que os estoques de produtos finais da ind\u00fastria recuaram e permanecem no n\u00edvel planejado pelas empresas. O \u00edndice de evolu\u00e7\u00e3o dos estoques foi a 48,9 pontos, indicando queda dos estoques pelo s\u00e9timo m\u00eas consecutivo. J\u00e1 a ociosidade no parque industrial se manteve elevada: o percentual m\u00e9dio de utiliza\u00e7\u00e3o da capacidade instalada (UCI) permaneceu em 64% pelo terceiro m\u00eas consecutivo. O valor \u00e9 dois pontos percentuais  inferior ao registrado em maio de 2015, acrescentou a CNI.<\/p>\n<p>A Sondagem Industrial foi feita entre 1\u00ba e 13 de junho com 2.456 empresas, das quais 1.022 s\u00e3o pequenas, 867 s\u00e3o m\u00e9dias e 567 de grande porte.<\/p>\n<p>Da Ag\u00eancia Brasil<br \/>\nEdi\u00e7\u00e3o: Kleber Sampaio<br \/>\n20\/06\/2016<\/p>\n","protected":false},"excerpt":{"rendered":"<p>A atividade da ind\u00fastria continuou em queda em maio, mas o recuo foi menos intenso que os verificados em abril e no mesmo per\u00edodo de 2015, informou a Confedera\u00e7\u00e3o Nacional da Ind\u00fastria (CNI), no boletim Sondagem Industrial. O \u00edndice de evolu\u00e7\u00e3o da produ\u00e7\u00e3o ficou em 45,5 pontos em maio contra 42,4 em abril. H\u00e1, ainda, [&hellip;]<\/p>\n","protected":false},"author":2,"featured_media":57584,"comment_status":"open","ping_status":"closed","sticky":false,"template":"","format":"standard","meta":{"_genesis_hide_title":false,"_genesis_hide_breadcrumbs":false,"_genesis_hide_singular_image":false,"_genesis_hide_footer_widgets":false,"_genesis_custom_body_class":"","_genesis_custom_post_class":"","_genesis_layout":"","_jetpack_memberships_contains_paid_content":false,"footnotes":""},"categories":[22,7],"tags":[],"class_list":{"0":"post-88535","1":"post","2":"type-post","3":"status-publish","4":"format-standard","5":"has-post-thumbnail","7":"category-brasil","8":"category-economia","9":"entry","10":"gs-1","11":"gs-odd","12":"gs-even","13":"gs-featured-content-entry"},"jetpack_featured_media_url":"https:\/\/www.redenoticia.com.br\/noticia\/imagens\/economia-grafica-analise-inflacao.jpg","jetpack_sharing_enabled":true,"jetpack_likes_enabled":true,"_links":{"self":[{"href":"https:\/\/www.redenoticia.com.br\/noticia\/wp-json\/wp\/v2\/posts\/88535","targetHints":{"allow":["GET"]}}],"collection":[{"href":"https:\/\/www.redenoticia.com.br\/noticia\/wp-json\/wp\/v2\/posts"}],"about":[{"href":"https:\/\/www.redenoticia.com.br\/noticia\/wp-json\/wp\/v2\/types\/post"}],"author":[{"embeddable":true,"href":"https:\/\/www.redenoticia.com.br\/noticia\/wp-json\/wp\/v2\/users\/2"}],"replies":[{"embeddable":true,"href":"https:\/\/www.redenoticia.com.br\/noticia\/wp-json\/wp\/v2\/comments?post=88535"}],"version-history":[{"count":0,"href":"https:\/\/www.redenoticia.com.br\/noticia\/wp-json\/wp\/v2\/posts\/88535\/revisions"}],"wp:featuredmedia":[{"embeddable":true,"href":"https:\/\/www.redenoticia.com.br\/noticia\/wp-json\/wp\/v2\/media\/57584"}],"wp:attachment":[{"href":"https:\/\/www.redenoticia.com.br\/noticia\/wp-json\/wp\/v2\/media?parent=88535"}],"wp:term":[{"taxonomy":"category","embeddable":true,"href":"https:\/\/www.redenoticia.com.br\/noticia\/wp-json\/wp\/v2\/categories?post=88535"},{"taxonomy":"post_tag","embeddable":true,"href":"https:\/\/www.redenoticia.com.br\/noticia\/wp-json\/wp\/v2\/tags?post=88535"}],"curies":[{"name":"wp","href":"https:\/\/api.w.org\/{rel}","templated":true}]}}