{"id":88403,"date":"2016-06-17T10:47:04","date_gmt":"2016-06-17T13:47:04","guid":{"rendered":"http:\/\/www.redenoticia.com.br\/noticia\/?p=88403"},"modified":"2016-06-16T20:59:53","modified_gmt":"2016-06-16T23:59:53","slug":"desemprego-derruba-intencao-de-consumo-para-patamar-minimo","status":"publish","type":"post","link":"https:\/\/www.redenoticia.com.br\/noticia\/2016\/desemprego-derruba-intencao-de-consumo-para-patamar-minimo\/88403","title":{"rendered":"Desemprego derruba Inten\u00e7\u00e3o de Consumo para patamar m\u00ednimo"},"content":{"rendered":"<p> A <strong><em>inten\u00e7\u00e3o de consumo<\/em><\/strong> das fam\u00edlias brasileiras teve mais uma queda em junho e chegou a um novo patamar m\u00ednimo hist\u00f3rico, de 68,7 pontos, em uma escala de 0 a 200. Os dados foram divulgados pela Confedera\u00e7\u00e3o Nacional do Com\u00e9rcio de Bens, Servi\u00e7os e Turismo (CNC) e apontam uma queda de 1,7% na compara\u00e7\u00e3o com maio, e de 25,1% em rela\u00e7\u00e3o a junho do ano passado.<\/p>\n<p>Segundo a CNC, o resultado de junho \u00e9 o primeiro em que todos os componentes da pesquisa se encontram abaixo de 100 pontos, o que indica insatisfa\u00e7\u00e3o. A assessora econ\u00f4mica da CNC, Juliana Serapio, disse que o aumento do desemprego, o alto n\u00edvel de endividamento e o encarecimento do cr\u00e9dito continuam derrubando o indicador, mesmo com a diminui\u00e7\u00e3o da infla\u00e7\u00e3o.<\/p>\n<p>Compras em queda<\/p>\n<p>A inten\u00e7\u00e3o de compra a prazo teve a maior queda quando analisada a compara\u00e7\u00e3o junho\/maio, chegando a um decl\u00ednio de 4%. Em rela\u00e7\u00e3o a 2015, a perda chega a 30,2%. As quedas do N\u00edvel de Consumo Atual foram de 2,7% e de 38,1% nas mesmas bases de compara\u00e7\u00e3o, e 66,8% das fam\u00edlias pesquisadas declararam que est\u00e3o consumindo menos do que no ano passado.<\/p>\n<p>O indicador Momento para Dur\u00e1veis, que reflete a avalia\u00e7\u00e3o sobre a possibilidade de adquirir bens como autom\u00f3veis, registra o menor patamar da pesquisa, de 42 pontos. Em rela\u00e7\u00e3o a junho do ano passado, o indicador caiu 35,8%, e, ante maio deste ano, a retra\u00e7\u00e3o foi de 2,1%.<\/p>\n<p>Segundo a pesquisa, cerca de tr\u00eas quartos das fam\u00edlias brasileiras (76%) consideram que o momento atual \u00e9 desfavor\u00e1vel para comprar esse tipo de bens.<br \/>\nAs perspectivas de consumo tamb\u00e9m tiveram queda de 1,5% em rela\u00e7\u00e3o a maio e de 34,8% ante junho do ano passado.<\/p>\n<p>Emprego<\/p>\n<p>A parte da pesquisa que avalia o Emprego Atual caiu para menos de 100 pontos pela primeira vez nos dados divulgados hoje, com 99,4 pontos. Houve queda de 0,8% em rela\u00e7\u00e3o a maio e de 13,7% na compara\u00e7\u00e3o com junho do ano passado.<\/p>\n<p>Pouco mais de um quarto das fam\u00edlias brasileiras (28,3%) se sente mais seguro no emprego atual. As perspectivas para o mercado de trabalho tamb\u00e9m pioraram, com queda de 0,1% na compara\u00e7\u00e3o mensal e de 13,6% ante junho do ano passado.<\/p>\n<p>A CNC divulgou, ainda, que mant\u00e9m sua previs\u00e3o de que o varejo restrito ter\u00e1 retra\u00e7\u00e3o de 4,8% em 2016, j\u00e1 que h\u00e1 perspectiva de que a infla\u00e7\u00e3o evolua de forma mais favor\u00e1vel. Por outro lado, a CNC piorou a proje\u00e7\u00e3o para o varejo ampliado, aumentando a previs\u00e3o de queda de -8,8% para -9,4%. O varejo restrito exclui as vendas de materiais de constru\u00e7\u00e3o e de autom\u00f3veis.<\/p>\n<p>Apesar disso, a CNC afirma que a pesquisa de junho mostra que os componentes ligados \u00e0s perspectivas tiveram recuos mais baixos, o que significa que as expectativas para os pr\u00f3ximos meses devem melhorar.<\/p>\n<p>Vinicius Lisboa &#8211; Rep\u00f3rter da Ag\u00eancia Brasil<br \/>\nEdi\u00e7\u00e3o: Kleber Sampaio<br \/>\n17\/06\/2016<\/p>\n","protected":false},"excerpt":{"rendered":"<p>A inten\u00e7\u00e3o de consumo das fam\u00edlias brasileiras teve mais uma queda em junho e chegou a um novo patamar m\u00ednimo hist\u00f3rico, de 68,7 pontos, em uma escala de 0 a 200. Os dados foram divulgados pela Confedera\u00e7\u00e3o Nacional do Com\u00e9rcio de Bens, Servi\u00e7os e Turismo (CNC) e apontam uma queda de 1,7% na compara\u00e7\u00e3o com [&hellip;]<\/p>\n","protected":false},"author":2,"featured_media":57584,"comment_status":"open","ping_status":"closed","sticky":false,"template":"","format":"standard","meta":{"_genesis_hide_title":false,"_genesis_hide_breadcrumbs":false,"_genesis_hide_singular_image":false,"_genesis_hide_footer_widgets":false,"_genesis_custom_body_class":"","_genesis_custom_post_class":"","_genesis_layout":"","_jetpack_memberships_contains_paid_content":false,"footnotes":""},"categories":[22,7],"tags":[],"class_list":{"0":"post-88403","1":"post","2":"type-post","3":"status-publish","4":"format-standard","5":"has-post-thumbnail","7":"category-brasil","8":"category-economia","9":"entry","10":"gs-1","11":"gs-odd","12":"gs-even","13":"gs-featured-content-entry"},"jetpack_featured_media_url":"https:\/\/www.redenoticia.com.br\/noticia\/imagens\/economia-grafica-analise-inflacao.jpg","jetpack_sharing_enabled":true,"jetpack_likes_enabled":true,"_links":{"self":[{"href":"https:\/\/www.redenoticia.com.br\/noticia\/wp-json\/wp\/v2\/posts\/88403","targetHints":{"allow":["GET"]}}],"collection":[{"href":"https:\/\/www.redenoticia.com.br\/noticia\/wp-json\/wp\/v2\/posts"}],"about":[{"href":"https:\/\/www.redenoticia.com.br\/noticia\/wp-json\/wp\/v2\/types\/post"}],"author":[{"embeddable":true,"href":"https:\/\/www.redenoticia.com.br\/noticia\/wp-json\/wp\/v2\/users\/2"}],"replies":[{"embeddable":true,"href":"https:\/\/www.redenoticia.com.br\/noticia\/wp-json\/wp\/v2\/comments?post=88403"}],"version-history":[{"count":0,"href":"https:\/\/www.redenoticia.com.br\/noticia\/wp-json\/wp\/v2\/posts\/88403\/revisions"}],"wp:featuredmedia":[{"embeddable":true,"href":"https:\/\/www.redenoticia.com.br\/noticia\/wp-json\/wp\/v2\/media\/57584"}],"wp:attachment":[{"href":"https:\/\/www.redenoticia.com.br\/noticia\/wp-json\/wp\/v2\/media?parent=88403"}],"wp:term":[{"taxonomy":"category","embeddable":true,"href":"https:\/\/www.redenoticia.com.br\/noticia\/wp-json\/wp\/v2\/categories?post=88403"},{"taxonomy":"post_tag","embeddable":true,"href":"https:\/\/www.redenoticia.com.br\/noticia\/wp-json\/wp\/v2\/tags?post=88403"}],"curies":[{"name":"wp","href":"https:\/\/api.w.org\/{rel}","templated":true}]}}