{"id":88401,"date":"2016-06-17T10:45:00","date_gmt":"2016-06-17T13:45:00","guid":{"rendered":"http:\/\/www.redenoticia.com.br\/noticia\/?p=88401"},"modified":"2016-06-16T20:59:00","modified_gmt":"2016-06-16T23:59:00","slug":"deficit-primario-do-governo-central-deve-subir-para-r-134178-bilhoes","status":"publish","type":"post","link":"https:\/\/www.redenoticia.com.br\/noticia\/2016\/deficit-primario-do-governo-central-deve-subir-para-r-134178-bilhoes\/88401","title":{"rendered":"D\u00e9ficit prim\u00e1rio do Governo Central deve subir para R$ 134,178 bilh\u00f5es"},"content":{"rendered":"<p> Institui\u00e7\u00f5es financeiras consultadas pelo Minist\u00e9rio da Fazenda esperam que o <strong><em>d\u00e9ficit prim\u00e1rio<\/em><\/strong> do Governo Central (Tesouro Nacional, Previd\u00eancia Social e Banco Central) termine este ano em R$ 134,178 bilh\u00f5es acima do d\u00e9ficit de R$ 104 bilh\u00f5es previsto anteriormente.<\/p>\n<p>A proje\u00e7\u00e3o consta da sexta edi\u00e7\u00e3o da pesquisa Prisma Fiscal, elaborada pela Secretaria de Pol\u00edtica Econ\u00f4mica do Minist\u00e9rio da Fazenda, com base em informa\u00e7\u00f5es de 30 institui\u00e7\u00f5es financeiras. O estudo foi divulgado em Bras\u00edlia. Para 2017, a estimativa de d\u00e9ficit aumentou para R$ 104,843 bilh\u00f5es ante os R$ 92,080 bilh\u00f5es de pesquisa anterior.<\/p>\n<p>Arrecada\u00e7\u00e3o<\/p>\n<p>A proje\u00e7\u00e3o para a arrecada\u00e7\u00e3o federal este ano caiu de R$ 1,274 trilh\u00e3o para R$ 1,273 trilh\u00e3o. Para 2017, a estimativa foi elevada de R$ 1,369 trilh\u00e3o para R$ 1,374 trilh\u00e3o.<\/p>\n<p>Para a receita l\u00edquida do Governo Central, a estimativa \u00e9 que caia de R$ 1,090 trilh\u00e3o este ano para R$ 1,086 trilh\u00e3o e aumente de R$ 1,166 trilh\u00e3o para R$ 1,175 trilh\u00e3o em 2017. Para as despesas, a expectativa \u00e9 de eleva\u00e7\u00e3o de R$ 1,200 trilh\u00e3o para R$ 1,225 trilh\u00e3o, este ano, e suba de R$ 1,266 trilh\u00e3o para 1,283 trilh\u00e3o, em 2017.<\/p>\n<p>A pesquisa apresenta tamb\u00e9m a proje\u00e7\u00e3o para a d\u00edvida bruta do Governo Central, que, na avalia\u00e7\u00e3o das institui\u00e7\u00f5es financeiras, deve passar de 74% do Produto Interno Bruto (PIB) para 74,35 % este ano. Para 2017, a estimativa mudou de 79,68% para 79% do PIB \u2013 a soma de todas as riquezas produzidas pelo pa\u00eds.<\/p>\n<p>Daniel Lima &#8211; Rep\u00f3rter da Ag\u00eancia Brasil<br \/>\nEdi\u00e7\u00e3o: Kleber Sampaio<br \/>\n17\/06\/2016<\/p>\n","protected":false},"excerpt":{"rendered":"<p>Institui\u00e7\u00f5es financeiras consultadas pelo Minist\u00e9rio da Fazenda esperam que o d\u00e9ficit prim\u00e1rio do Governo Central (Tesouro Nacional, Previd\u00eancia Social e Banco Central) termine este ano em R$ 134,178 bilh\u00f5es acima do d\u00e9ficit de R$ 104 bilh\u00f5es previsto anteriormente. A proje\u00e7\u00e3o consta da sexta edi\u00e7\u00e3o da pesquisa Prisma Fiscal, elaborada pela Secretaria de Pol\u00edtica Econ\u00f4mica do [&hellip;]<\/p>\n","protected":false},"author":2,"featured_media":57585,"comment_status":"open","ping_status":"closed","sticky":false,"template":"","format":"standard","meta":{"_genesis_hide_title":false,"_genesis_hide_breadcrumbs":false,"_genesis_hide_singular_image":false,"_genesis_hide_footer_widgets":false,"_genesis_custom_body_class":"","_genesis_custom_post_class":"","_genesis_layout":"","_jetpack_memberships_contains_paid_content":false,"footnotes":""},"categories":[22,7],"tags":[],"class_list":{"0":"post-88401","1":"post","2":"type-post","3":"status-publish","4":"format-standard","5":"has-post-thumbnail","7":"category-brasil","8":"category-economia","9":"entry","10":"gs-1","11":"gs-odd","12":"gs-even","13":"gs-featured-content-entry"},"jetpack_featured_media_url":"https:\/\/www.redenoticia.com.br\/noticia\/imagens\/analise-economia.jpg","jetpack_sharing_enabled":true,"jetpack_likes_enabled":true,"_links":{"self":[{"href":"https:\/\/www.redenoticia.com.br\/noticia\/wp-json\/wp\/v2\/posts\/88401","targetHints":{"allow":["GET"]}}],"collection":[{"href":"https:\/\/www.redenoticia.com.br\/noticia\/wp-json\/wp\/v2\/posts"}],"about":[{"href":"https:\/\/www.redenoticia.com.br\/noticia\/wp-json\/wp\/v2\/types\/post"}],"author":[{"embeddable":true,"href":"https:\/\/www.redenoticia.com.br\/noticia\/wp-json\/wp\/v2\/users\/2"}],"replies":[{"embeddable":true,"href":"https:\/\/www.redenoticia.com.br\/noticia\/wp-json\/wp\/v2\/comments?post=88401"}],"version-history":[{"count":0,"href":"https:\/\/www.redenoticia.com.br\/noticia\/wp-json\/wp\/v2\/posts\/88401\/revisions"}],"wp:featuredmedia":[{"embeddable":true,"href":"https:\/\/www.redenoticia.com.br\/noticia\/wp-json\/wp\/v2\/media\/57585"}],"wp:attachment":[{"href":"https:\/\/www.redenoticia.com.br\/noticia\/wp-json\/wp\/v2\/media?parent=88401"}],"wp:term":[{"taxonomy":"category","embeddable":true,"href":"https:\/\/www.redenoticia.com.br\/noticia\/wp-json\/wp\/v2\/categories?post=88401"},{"taxonomy":"post_tag","embeddable":true,"href":"https:\/\/www.redenoticia.com.br\/noticia\/wp-json\/wp\/v2\/tags?post=88401"}],"curies":[{"name":"wp","href":"https:\/\/api.w.org\/{rel}","templated":true}]}}