{"id":88399,"date":"2016-06-17T10:40:08","date_gmt":"2016-06-17T13:40:08","guid":{"rendered":"http:\/\/www.redenoticia.com.br\/noticia\/?p=88399"},"modified":"2016-06-16T20:57:57","modified_gmt":"2016-06-16T23:57:57","slug":"atividade-economica-fica-estavel-em-abril-apos-15-meses-seguidos-de-queda","status":"publish","type":"post","link":"https:\/\/www.redenoticia.com.br\/noticia\/2016\/atividade-economica-fica-estavel-em-abril-apos-15-meses-seguidos-de-queda\/88399","title":{"rendered":"Atividade econ\u00f4mica fica est\u00e1vel em abril ap\u00f3s 15 meses seguidos de queda"},"content":{"rendered":"<p> Depois de 15 meses seguidos em queda, a <strong><em>atividade econ\u00f4mica<\/em><\/strong> ficou praticamente est\u00e1vel em abril. O \u00cdndice de Atividade Econ\u00f4mica do Banco Central (IBC-Br) dessazonalizado (ajustado para o per\u00edodo) apresentou crescimento 0,03% em abril, comparado a mar\u00e7o, de acordo com dados divulgados.<\/p>\n<p>Na compara\u00e7\u00e3o entre abril deste ano e o mesmo m\u00eas de 2015, houve queda de 4,99%, de acordo com os dados sem ajustes, pois s\u00e3o per\u00edodos iguais na compara\u00e7\u00e3o.<\/p>\n<p>A atividade econ\u00f4mica registrou retra\u00e7\u00e3o de 5,41% em 12 meses, encerrados em abril, e de 5,97% no ano. O \u00edndice dessazonalizado em 12 meses, apresentou queda de 5,35%.<\/p>\n<p>O IBC-Br \u00e9 uma forma de avaliar a evolu\u00e7\u00e3o da atividade econ\u00f4mica brasileira e ajuda o BC a tomar suas decis\u00f5es sobre a taxa b\u00e1sica de juros, a Selic. O \u00edndice incorpora informa\u00e7\u00f5es sobre o n\u00edvel de atividade dos tr\u00eas setores da economia (ind\u00fastria, com\u00e9rcio e servi\u00e7os e agropecu\u00e1ria), al\u00e9m do volume de impostos. O indicador oficial sobre o desempenho da economia \u00e9 o Produto Interno Bruto (PIB), elaborado pelo Instituto Brasileiro de Geografia e Estat\u00edstica (IBGE).<\/p>\n<p>Kelly Oliveira \u2013 Rep\u00f3rter da Ag\u00eancia Brasil<br \/>\nEdi\u00e7\u00e3o: Talita Cavalcante<br \/>\n17\/06\/2016<\/p>\n","protected":false},"excerpt":{"rendered":"<p>Depois de 15 meses seguidos em queda, a atividade econ\u00f4mica ficou praticamente est\u00e1vel em abril. O \u00cdndice de Atividade Econ\u00f4mica do Banco Central (IBC-Br) dessazonalizado (ajustado para o per\u00edodo) apresentou crescimento 0,03% em abril, comparado a mar\u00e7o, de acordo com dados divulgados. Na compara\u00e7\u00e3o entre abril deste ano e o mesmo m\u00eas de 2015, houve [&hellip;]<\/p>\n","protected":false},"author":2,"featured_media":57583,"comment_status":"open","ping_status":"closed","sticky":false,"template":"","format":"standard","meta":{"_genesis_hide_title":false,"_genesis_hide_breadcrumbs":false,"_genesis_hide_singular_image":false,"_genesis_hide_footer_widgets":false,"_genesis_custom_body_class":"","_genesis_custom_post_class":"","_genesis_layout":"","_jetpack_memberships_contains_paid_content":false,"footnotes":""},"categories":[22,7],"tags":[],"class_list":{"0":"post-88399","1":"post","2":"type-post","3":"status-publish","4":"format-standard","5":"has-post-thumbnail","7":"category-brasil","8":"category-economia","9":"entry","10":"gs-1","11":"gs-odd","12":"gs-even","13":"gs-featured-content-entry"},"jetpack_featured_media_url":"https:\/\/www.redenoticia.com.br\/noticia\/imagens\/economia-grafico.jpg","jetpack_sharing_enabled":true,"jetpack_likes_enabled":true,"_links":{"self":[{"href":"https:\/\/www.redenoticia.com.br\/noticia\/wp-json\/wp\/v2\/posts\/88399","targetHints":{"allow":["GET"]}}],"collection":[{"href":"https:\/\/www.redenoticia.com.br\/noticia\/wp-json\/wp\/v2\/posts"}],"about":[{"href":"https:\/\/www.redenoticia.com.br\/noticia\/wp-json\/wp\/v2\/types\/post"}],"author":[{"embeddable":true,"href":"https:\/\/www.redenoticia.com.br\/noticia\/wp-json\/wp\/v2\/users\/2"}],"replies":[{"embeddable":true,"href":"https:\/\/www.redenoticia.com.br\/noticia\/wp-json\/wp\/v2\/comments?post=88399"}],"version-history":[{"count":0,"href":"https:\/\/www.redenoticia.com.br\/noticia\/wp-json\/wp\/v2\/posts\/88399\/revisions"}],"wp:featuredmedia":[{"embeddable":true,"href":"https:\/\/www.redenoticia.com.br\/noticia\/wp-json\/wp\/v2\/media\/57583"}],"wp:attachment":[{"href":"https:\/\/www.redenoticia.com.br\/noticia\/wp-json\/wp\/v2\/media?parent=88399"}],"wp:term":[{"taxonomy":"category","embeddable":true,"href":"https:\/\/www.redenoticia.com.br\/noticia\/wp-json\/wp\/v2\/categories?post=88399"},{"taxonomy":"post_tag","embeddable":true,"href":"https:\/\/www.redenoticia.com.br\/noticia\/wp-json\/wp\/v2\/tags?post=88399"}],"curies":[{"name":"wp","href":"https:\/\/api.w.org\/{rel}","templated":true}]}}