{"id":88324,"date":"2016-06-16T10:24:49","date_gmt":"2016-06-16T13:24:49","guid":{"rendered":"http:\/\/www.redenoticia.com.br\/noticia\/?p=88324"},"modified":"2016-06-15T21:25:39","modified_gmt":"2016-06-16T00:25:39","slug":"investimento-estrangeiro-direto-na-america-latina-e-caribe-cai-91","status":"publish","type":"post","link":"https:\/\/www.redenoticia.com.br\/noticia\/2016\/investimento-estrangeiro-direto-na-america-latina-e-caribe-cai-91\/88324","title":{"rendered":"Investimento estrangeiro direto na Am\u00e9rica Latina e Caribe cai 9,1%"},"content":{"rendered":"<p> O ingresso de <strong><em>investimento estrangeiro<\/em><\/strong> direto (IED), recursos que v\u00e3o para o setor produtivo, na Am\u00e9rica Latina e Caribe ca\u00edram 9,1%, em 2015, na compara\u00e7\u00e3o com o ano anterior, de acordo com dados da Comiss\u00e3o Econ\u00f4mica para a Am\u00e9rica Latina e Caribe (Cepal). No total, os investimentos chegaram a US$ 179,1 bilh\u00f5es, o n\u00edvel mais baixo desde 2010 (US$ 172,973 bilh\u00f5es). Para este ano, a Cepal projeta que o IED pode cair at\u00e9 8%.<\/p>\n<p>Segundo a Cepal, a queda \u00e9 explicada pela redu\u00e7\u00e3o nos investimentos em setores vinculados aos recursos naturais, principalmente minera\u00e7\u00e3o e hidrocarbonetos, e o encolhimento da economia, sobretudo do Brasil.<\/p>\n<p>A Cepal destaca que, desses investimentos, no Brasil (US$ 75,075 bilh\u00f5es) sa\u00edram 23%, em 2015, embora o pa\u00eds tenha se mantido como principal receptor dos fluxos da regi\u00e3o (42% do total). No M\u00e9xico (US$ 30,285 bilh\u00f5es), segundo maior receptor, os ingressos aumentaram 18%.<\/p>\n<p>A queda na Am\u00e9rica Latina e Caribe contrasta com o crescimento global. Em 2015, o fluxo mundial de investimentos diretos aumentaram 36%, chegando ao valor estimado de US$ 1,7 trilh\u00f5es. De acordo com a Cepal, esse dinamismo foi impulsionado por uma \u201cintensa onda\u201d de fus\u00f5es e aquisi\u00e7oes, especialmente em pa\u00edses desenvolvidos, principalmente os Estados Unidos.<\/p>\n<p>Segundo a secret\u00e1ria-executiva da Cepal, Alicia B\u00e1rcena, h\u00e1 liquidez (recursos dispon\u00edveis) no mundo e isso estimula a compra de empresas. Al\u00e9m disso, a recupera\u00e7\u00e3o dos Estados Unidos, influenciou no aumento dos investimentos no mundo. No ano passado, os Estados Unidos foram o principal investidor na Am\u00e9rica Latina e Caribe, respons\u00e1veis por 25,9% dos recursos investidos, seguido pelos pa\u00edses baixos (15,9%) e pela Espanha (11,8%).<\/p>\n<p>Kelly Oliveira \u2013 Rep\u00f3rter da Ag\u00eancia Brasil<br \/>\nEdi\u00e7\u00e3o: Maria Claudia<br \/>\n16\/06\/2016 <\/p>\n","protected":false},"excerpt":{"rendered":"<p>O ingresso de investimento estrangeiro direto (IED), recursos que v\u00e3o para o setor produtivo, na Am\u00e9rica Latina e Caribe ca\u00edram 9,1%, em 2015, na compara\u00e7\u00e3o com o ano anterior, de acordo com dados da Comiss\u00e3o Econ\u00f4mica para a Am\u00e9rica Latina e Caribe (Cepal). No total, os investimentos chegaram a US$ 179,1 bilh\u00f5es, o n\u00edvel mais [&hellip;]<\/p>\n","protected":false},"author":2,"featured_media":57583,"comment_status":"open","ping_status":"closed","sticky":false,"template":"","format":"standard","meta":{"_genesis_hide_title":false,"_genesis_hide_breadcrumbs":false,"_genesis_hide_singular_image":false,"_genesis_hide_footer_widgets":false,"_genesis_custom_body_class":"","_genesis_custom_post_class":"","_genesis_layout":"","_jetpack_memberships_contains_paid_content":false,"footnotes":""},"categories":[22,7],"tags":[],"class_list":{"0":"post-88324","1":"post","2":"type-post","3":"status-publish","4":"format-standard","5":"has-post-thumbnail","7":"category-brasil","8":"category-economia","9":"entry","10":"gs-1","11":"gs-odd","12":"gs-even","13":"gs-featured-content-entry"},"jetpack_featured_media_url":"https:\/\/www.redenoticia.com.br\/noticia\/imagens\/economia-grafico.jpg","jetpack_sharing_enabled":true,"jetpack_likes_enabled":true,"_links":{"self":[{"href":"https:\/\/www.redenoticia.com.br\/noticia\/wp-json\/wp\/v2\/posts\/88324","targetHints":{"allow":["GET"]}}],"collection":[{"href":"https:\/\/www.redenoticia.com.br\/noticia\/wp-json\/wp\/v2\/posts"}],"about":[{"href":"https:\/\/www.redenoticia.com.br\/noticia\/wp-json\/wp\/v2\/types\/post"}],"author":[{"embeddable":true,"href":"https:\/\/www.redenoticia.com.br\/noticia\/wp-json\/wp\/v2\/users\/2"}],"replies":[{"embeddable":true,"href":"https:\/\/www.redenoticia.com.br\/noticia\/wp-json\/wp\/v2\/comments?post=88324"}],"version-history":[{"count":0,"href":"https:\/\/www.redenoticia.com.br\/noticia\/wp-json\/wp\/v2\/posts\/88324\/revisions"}],"wp:featuredmedia":[{"embeddable":true,"href":"https:\/\/www.redenoticia.com.br\/noticia\/wp-json\/wp\/v2\/media\/57583"}],"wp:attachment":[{"href":"https:\/\/www.redenoticia.com.br\/noticia\/wp-json\/wp\/v2\/media?parent=88324"}],"wp:term":[{"taxonomy":"category","embeddable":true,"href":"https:\/\/www.redenoticia.com.br\/noticia\/wp-json\/wp\/v2\/categories?post=88324"},{"taxonomy":"post_tag","embeddable":true,"href":"https:\/\/www.redenoticia.com.br\/noticia\/wp-json\/wp\/v2\/tags?post=88324"}],"curies":[{"name":"wp","href":"https:\/\/api.w.org\/{rel}","templated":true}]}}