{"id":88322,"date":"2016-06-16T10:23:35","date_gmt":"2016-06-16T13:23:35","guid":{"rendered":"http:\/\/www.redenoticia.com.br\/noticia\/?p=88322"},"modified":"2016-06-15T21:24:41","modified_gmt":"2016-06-16T00:24:41","slug":"setor-de-servicos-tem-queda-de-45-diz-ibge","status":"publish","type":"post","link":"https:\/\/www.redenoticia.com.br\/noticia\/2016\/setor-de-servicos-tem-queda-de-45-diz-ibge\/88322","title":{"rendered":"Setor de servi\u00e7os tem queda de 4,5%, diz IBGE"},"content":{"rendered":"<p> Em todo o pa\u00eds, o <strong><em>volume do setor de servi\u00e7os<\/em><\/strong> caiu 4,5% em abril \u00faltimo em rela\u00e7\u00e3o a abril de 2015. \u00c9 o pior resultado para os meses de abril desde 2012. Houve varia\u00e7\u00f5es negativas em todos os segmentos. No entanto, na mesma base de compara\u00e7\u00e3o, a receita nominal cresceu 0,4%, ap\u00f3s de ter fechado em queda de 0,4% em mar\u00e7o.<\/p>\n<p>Os dados foram divulgados pelo Instituto Brasileiro de Geografia e Estat\u00edstica (IBGE). As informa\u00e7\u00f5es indicam que tinham sido negativos os resultados do setor de servi\u00e7os, que, em volume, fechou com quedas de 5,9% em mar\u00e7o e de 3,9% em fevereiro deste ano.<\/p>\n<p>Com os n\u00fameros negativos de abril, os servi\u00e7os fecham os quatro meses do ano (de janeiro e abril) com redu\u00e7\u00e3o acumulada de 4,9% no volume, mas com expans\u00e3o de 0,5% no acumulado do mesmo per\u00edodo para a receita nominal.<\/p>\n<p>Os dados indicam, ainda, que, na taxa anualizada (\u00faltimos doze meses), houve queda acumulada de 4,6% para o volume do setor servi\u00e7os e crescimento de 0,6% para as receitas nominais, comparativamente a igual per\u00edodo imediatamente anterior.<\/p>\n<p>N\u00fameros negativos<\/p>\n<p>Em volumes, a queda de 4,5% do setor de servi\u00e7os indica varia\u00e7\u00f5es negativas em todos os segmentos, com os servi\u00e7os prestados \u00e0s fam\u00edlias e de servi\u00e7os de informa\u00e7\u00e3o e comunica\u00e7\u00e3o fechando negativos em 3%; de servi\u00e7os profissionais, administrativos e complementares (-5,4%); transportes, servi\u00e7os auxiliares dos transportes e correio (-6,5%) e outros servi\u00e7os (-3,3%).<\/p>\n<p>As contribui\u00e7\u00f5es sobre a taxa global de volume foram: transportes, servi\u00e7os auxiliares de transportes e correio (-2 pontos percentuais), servi\u00e7os de informa\u00e7\u00e3o e comunica\u00e7\u00e3o (-1,1 ponto percentual, servi\u00e7os profissionais, administrativos e complementares (-1 ponto percentual), servi\u00e7os prestados \u00e0s fam\u00edlias e outros servi\u00e7os (-0,2).<\/p>\n<p>Resultados regionais<\/p>\n<p>Regionalmente, na compara\u00e7\u00e3o com igual m\u00eas do ano anterior, as maiores varia\u00e7\u00f5es positivas em abril deste ano foram para Rond\u00f4nia (7,2%) e Tocantins e Roraima, ambas com 6,5%. J\u00e1 as varia\u00e7\u00f5es mais negativas de volume ficaram com Amazonas (-15,3%), Amap\u00e1 (-12,3%) e Para\u00edba (-11,2%).<\/p>\n<p>Ainda no \u00e2mbito da an\u00e1lise por regi\u00f5es, entre as atividades tur\u00edsticas, as maiores varia\u00e7\u00f5es de volume ficaram em Pernambuco (4,5%) e Rio de Janeiro (0,5%). j\u00e1 as menores varia\u00e7\u00f5es de volume ocorreram em Santa Catarina (-12,8%), Paran\u00e1 (-12,6%), Bahia (-11,0%), Rio Grande do Sul (-9,7%), Goi\u00e1s (-5,8%), Esp\u00edrito Santo (-5,6%), Cear\u00e1 (-4,8%), Minas Gerais (-3,9%), S\u00e3o Paulo (-2,2%) e Distrito Federal (-1,6%).<\/p>\n<p>Nielmar de Oliveira &#8211; Rep\u00f3rter da Ag\u00eancia Brasil<br \/>\nEdi\u00e7\u00e3o: Kleber Sampaio<br \/>\n16\/06\/2016<\/p>\n","protected":false},"excerpt":{"rendered":"<p>Em todo o pa\u00eds, o volume do setor de servi\u00e7os caiu 4,5% em abril \u00faltimo em rela\u00e7\u00e3o a abril de 2015. \u00c9 o pior resultado para os meses de abril desde 2012. Houve varia\u00e7\u00f5es negativas em todos os segmentos. No entanto, na mesma base de compara\u00e7\u00e3o, a receita nominal cresceu 0,4%, ap\u00f3s de ter fechado [&hellip;]<\/p>\n","protected":false},"author":2,"featured_media":57585,"comment_status":"open","ping_status":"closed","sticky":false,"template":"","format":"standard","meta":{"_genesis_hide_title":false,"_genesis_hide_breadcrumbs":false,"_genesis_hide_singular_image":false,"_genesis_hide_footer_widgets":false,"_genesis_custom_body_class":"","_genesis_custom_post_class":"","_genesis_layout":"","_jetpack_memberships_contains_paid_content":false,"footnotes":""},"categories":[22,7],"tags":[],"class_list":{"0":"post-88322","1":"post","2":"type-post","3":"status-publish","4":"format-standard","5":"has-post-thumbnail","7":"category-brasil","8":"category-economia","9":"entry","10":"gs-1","11":"gs-odd","12":"gs-even","13":"gs-featured-content-entry"},"jetpack_featured_media_url":"https:\/\/www.redenoticia.com.br\/noticia\/imagens\/analise-economia.jpg","jetpack_sharing_enabled":true,"jetpack_likes_enabled":true,"_links":{"self":[{"href":"https:\/\/www.redenoticia.com.br\/noticia\/wp-json\/wp\/v2\/posts\/88322","targetHints":{"allow":["GET"]}}],"collection":[{"href":"https:\/\/www.redenoticia.com.br\/noticia\/wp-json\/wp\/v2\/posts"}],"about":[{"href":"https:\/\/www.redenoticia.com.br\/noticia\/wp-json\/wp\/v2\/types\/post"}],"author":[{"embeddable":true,"href":"https:\/\/www.redenoticia.com.br\/noticia\/wp-json\/wp\/v2\/users\/2"}],"replies":[{"embeddable":true,"href":"https:\/\/www.redenoticia.com.br\/noticia\/wp-json\/wp\/v2\/comments?post=88322"}],"version-history":[{"count":0,"href":"https:\/\/www.redenoticia.com.br\/noticia\/wp-json\/wp\/v2\/posts\/88322\/revisions"}],"wp:featuredmedia":[{"embeddable":true,"href":"https:\/\/www.redenoticia.com.br\/noticia\/wp-json\/wp\/v2\/media\/57585"}],"wp:attachment":[{"href":"https:\/\/www.redenoticia.com.br\/noticia\/wp-json\/wp\/v2\/media?parent=88322"}],"wp:term":[{"taxonomy":"category","embeddable":true,"href":"https:\/\/www.redenoticia.com.br\/noticia\/wp-json\/wp\/v2\/categories?post=88322"},{"taxonomy":"post_tag","embeddable":true,"href":"https:\/\/www.redenoticia.com.br\/noticia\/wp-json\/wp\/v2\/tags?post=88322"}],"curies":[{"name":"wp","href":"https:\/\/api.w.org\/{rel}","templated":true}]}}