{"id":88320,"date":"2016-06-16T10:22:30","date_gmt":"2016-06-16T13:22:30","guid":{"rendered":"http:\/\/www.redenoticia.com.br\/noticia\/?p=88320"},"modified":"2016-06-15T21:23:30","modified_gmt":"2016-06-16T00:23:30","slug":"inflacao-do-igp-10-sobe-e-vai-a-142-em-junho","status":"publish","type":"post","link":"https:\/\/www.redenoticia.com.br\/noticia\/2016\/inflacao-do-igp-10-sobe-e-vai-a-142-em-junho\/88320","title":{"rendered":"Infla\u00e7\u00e3o do IGP-10 sobe e vai a 1,42% em junho"},"content":{"rendered":"<p> A <strong><em>infla\u00e7\u00e3o<\/em>,<\/strong> medida pelo \u00cdndice Geral de Pre\u00e7os \u2013 10 (IGP-10), acelerou 0,82 ponto percentual, passando de 0,6% para 1,42% entre maio e junho deste ano. Os n\u00fameros foram divulgados pelo Instituto Brasileiro de Economia da Funda\u00e7\u00e3o Get\u00falio Vargas (Ibre-FGV).<\/p>\n<p>Com o resultado de junho, a taxa acumulada do primeiro semestre do ano ficou em 5,34%, enquanto a dos \u00faltimos doze meses (a taxa anualizada) acumula alta de 11,85%. Em junho do ano passado, a taxa variou 0,57%. O IGP-10 \u00e9 calculado com base nos pre\u00e7os coletados entre os dias 11 do m\u00eas anterior e 10 do m\u00eas de refer\u00eancia.<\/p>\n<p>A alta de junho foi determinada pela eleva\u00e7\u00e3o dos pre\u00e7os ao produtor, com o \u00cdndice de Pre\u00e7os ao Produtor Amplo (IPA) subindo 1,89%, uma alta de 1,25 ponto percentual em rela\u00e7\u00e3o a maio, quando o aumento foi de 0,64%.<\/p>\n<p>O levantamento da FGV indica que o grupo do segmento de Bens Finais passou de 0,26% para 0,51% entre maio e junho, pressionado pelo subgrupo Bens Finais, onde houve varia\u00e7\u00e3o de 0,51% em junho ante 0,26% de maio. O principal respons\u00e1vel por este movimento foi o subgrupo alimentos processados, cuja taxa foi de uma defla\u00e7\u00e3o (infla\u00e7\u00e3o negativa ) de 0,55% para uma alta de 0,8%. O \u00edndice do grupo Bens Intermedi\u00e1rios registrou varia\u00e7\u00e3o de 1,26%. No m\u00eas anterior, houve defla\u00e7\u00e3o de -0,11%.<\/p>\n<p>Alta<\/p>\n<p>A maior alta entre maio e junho veio do grupo Mat\u00e9rias-Primas Brutas. Houve varia\u00e7\u00e3o de 4,23%, resultado 2,25 pontos percentuais superior ao de maio (1,98%). Contribu\u00edram para a acelera\u00e7\u00e3o do grupo os itens soja em gr\u00e3o, que passou de 7,22% para 15,98%; milho em gr\u00e3o, de 6,47% para 8,7% e su\u00ednos (de -6,13% para 7,73%).<\/p>\n<p>J\u00e1 os itens que comp\u00f5em o \u00cdndice de Pre\u00e7os ao Consumidor (IPC) acusaram varia\u00e7\u00e3o de 0,49%, em junho, uma queda de 0,11 ponto percentual em rela\u00e7\u00e3o ao resultado de maio (0,6%. Quatro das oito classes de despesa componentes do \u00edndice tiveram queda em suas taxas de varia\u00e7\u00e3o, com destaque para o grupo Sa\u00fade e Cuidados Pessoais (de 2,53% para 0,98%).<\/p>\n<p>Tamb\u00e9m apresentaram decr\u00e9scimo em suas taxas de varia\u00e7\u00e3o os grupos Alimenta\u00e7\u00e3o (de 0,79% para 0,22%);Transportes (0,11% para -0,25%); e Vestu\u00e1rio (0,81% para 0,71%).<\/p>\n<p>O \u00cdndice Nacional de Custo da Constru\u00e7\u00e3o (INCC) tamb\u00e9m fechou junho com acelera\u00e7\u00e3o de pre\u00e7os. Varia\u00e7\u00e3o de 0,49% ante 0,33% de maio. O \u00edndice relativo a Materiais, Equipamentos e Servi\u00e7os teve varia\u00e7\u00e3o de 0,14%, mesmo percentual do m\u00eas anterior, enquanto o \u00edndice que representa o custo da M\u00e3o de Obra registrou varia\u00e7\u00e3o de 0,81%, contra 0,49% do per\u00edodo imediatamente anterior.<\/p>\n<p>Nielmar de Oliveira &#8211; Rep\u00f3rter da Ag\u00eancia Brasil<br \/>\nEdi\u00e7\u00e3o: Kleber Sampaio<br \/>\n16\/06\/2016<\/p>\n","protected":false},"excerpt":{"rendered":"<p>A infla\u00e7\u00e3o, medida pelo \u00cdndice Geral de Pre\u00e7os \u2013 10 (IGP-10), acelerou 0,82 ponto percentual, passando de 0,6% para 1,42% entre maio e junho deste ano. Os n\u00fameros foram divulgados pelo Instituto Brasileiro de Economia da Funda\u00e7\u00e3o Get\u00falio Vargas (Ibre-FGV). Com o resultado de junho, a taxa acumulada do primeiro semestre do ano ficou em [&hellip;]<\/p>\n","protected":false},"author":2,"featured_media":34916,"comment_status":"open","ping_status":"closed","sticky":false,"template":"","format":"standard","meta":{"_genesis_hide_title":false,"_genesis_hide_breadcrumbs":false,"_genesis_hide_singular_image":false,"_genesis_hide_footer_widgets":false,"_genesis_custom_body_class":"","_genesis_custom_post_class":"","_genesis_layout":"","_jetpack_memberships_contains_paid_content":false,"footnotes":""},"categories":[22,7],"tags":[],"class_list":{"0":"post-88320","1":"post","2":"type-post","3":"status-publish","4":"format-standard","5":"has-post-thumbnail","7":"category-brasil","8":"category-economia","9":"entry","10":"gs-1","11":"gs-odd","12":"gs-even","13":"gs-featured-content-entry"},"jetpack_featured_media_url":"https:\/\/www.redenoticia.com.br\/noticia\/imagens\/inflacao.jpg","jetpack_sharing_enabled":true,"jetpack_likes_enabled":true,"_links":{"self":[{"href":"https:\/\/www.redenoticia.com.br\/noticia\/wp-json\/wp\/v2\/posts\/88320","targetHints":{"allow":["GET"]}}],"collection":[{"href":"https:\/\/www.redenoticia.com.br\/noticia\/wp-json\/wp\/v2\/posts"}],"about":[{"href":"https:\/\/www.redenoticia.com.br\/noticia\/wp-json\/wp\/v2\/types\/post"}],"author":[{"embeddable":true,"href":"https:\/\/www.redenoticia.com.br\/noticia\/wp-json\/wp\/v2\/users\/2"}],"replies":[{"embeddable":true,"href":"https:\/\/www.redenoticia.com.br\/noticia\/wp-json\/wp\/v2\/comments?post=88320"}],"version-history":[{"count":0,"href":"https:\/\/www.redenoticia.com.br\/noticia\/wp-json\/wp\/v2\/posts\/88320\/revisions"}],"wp:featuredmedia":[{"embeddable":true,"href":"https:\/\/www.redenoticia.com.br\/noticia\/wp-json\/wp\/v2\/media\/34916"}],"wp:attachment":[{"href":"https:\/\/www.redenoticia.com.br\/noticia\/wp-json\/wp\/v2\/media?parent=88320"}],"wp:term":[{"taxonomy":"category","embeddable":true,"href":"https:\/\/www.redenoticia.com.br\/noticia\/wp-json\/wp\/v2\/categories?post=88320"},{"taxonomy":"post_tag","embeddable":true,"href":"https:\/\/www.redenoticia.com.br\/noticia\/wp-json\/wp\/v2\/tags?post=88320"}],"curies":[{"name":"wp","href":"https:\/\/api.w.org\/{rel}","templated":true}]}}