{"id":88314,"date":"2016-06-16T10:11:11","date_gmt":"2016-06-16T13:11:11","guid":{"rendered":"http:\/\/www.redenoticia.com.br\/noticia\/?p=88314"},"modified":"2016-06-15T21:12:06","modified_gmt":"2016-06-16T00:12:06","slug":"fapesp-lanca-boletim-eletronico-pesquisa-para-inovacao","status":"publish","type":"post","link":"https:\/\/www.redenoticia.com.br\/noticia\/2016\/fapesp-lanca-boletim-eletronico-pesquisa-para-inovacao\/88314","title":{"rendered":"FAPESP lan\u00e7a boletim eletr\u00f4nico Pesquisa para Inova\u00e7\u00e3o"},"content":{"rendered":"<p> Ag\u00eancia FAPESP \u2013 A FAPESP lan\u00e7ou ontem o boletim eletr\u00f4nico  com not\u00edcias sobre resultados de pesquisas realizadas por empresas inovadoras apoiadas pela Funda\u00e7\u00e3o, depoimentos de empres\u00e1rios sobre os desafios de empreender, chamadas de propostas para financiamento a projetos de inova\u00e7\u00e3o, al\u00e9m de agenda de eventos de interesse do setor.<\/p>\n<p>O objetivo da publica\u00e7\u00e3o \u00e9 estimular a inova\u00e7\u00e3o empresarial no Estado de S\u00e3o Paulo e no Brasil e promover a colabora\u00e7\u00e3o entre universidades e empresas, bem como o interc\u00e2mbio de informa\u00e7\u00f5es entre parceiros potenciais.<\/p>\n<p>O boletim, que circula \u00e0s ter\u00e7as-feiras, tem como p\u00fablico-alvo dirigentes e gestores de startups, pequenas, m\u00e9dias e grandes empresas de diversos setores; pesquisadores vinculados a universidades e institutos de pesquisas; incubadoras de empresas, associa\u00e7\u00f5es de classe e fundos de investimentos, entre outros.<\/p>\n<p>As informa\u00e7\u00f5es veiculadas no boletim Pesquisa para Inova\u00e7\u00e3o est\u00e3o dispon\u00edveis no site .<\/p>\n<p>Para assinar o boletim acesse .<\/p>\n","protected":false},"excerpt":{"rendered":"<p>Ag\u00eancia FAPESP \u2013 A FAPESP lan\u00e7ou ontem o boletim eletr\u00f4nico com not\u00edcias sobre resultados de pesquisas realizadas por empresas inovadoras apoiadas pela Funda\u00e7\u00e3o, depoimentos de empres\u00e1rios sobre os desafios de empreender, chamadas de propostas para financiamento a projetos de inova\u00e7\u00e3o, al\u00e9m de agenda de eventos de interesse do setor. O objetivo da publica\u00e7\u00e3o \u00e9 estimular [&hellip;]<\/p>\n","protected":false},"author":2,"featured_media":37419,"comment_status":"open","ping_status":"closed","sticky":false,"template":"","format":"standard","meta":{"_genesis_hide_title":false,"_genesis_hide_breadcrumbs":false,"_genesis_hide_singular_image":false,"_genesis_hide_footer_widgets":false,"_genesis_custom_body_class":"","_genesis_custom_post_class":"","_genesis_layout":"","_jetpack_memberships_contains_paid_content":false,"footnotes":""},"categories":[22],"tags":[],"class_list":{"0":"post-88314","1":"post","2":"type-post","3":"status-publish","4":"format-standard","5":"has-post-thumbnail","7":"category-brasil","8":"entry","9":"gs-1","10":"gs-odd","11":"gs-even","12":"gs-featured-content-entry"},"jetpack_featured_media_url":"https:\/\/www.redenoticia.com.br\/noticia\/imagens\/computador-tecnologia.jpg","jetpack_sharing_enabled":true,"jetpack_likes_enabled":true,"_links":{"self":[{"href":"https:\/\/www.redenoticia.com.br\/noticia\/wp-json\/wp\/v2\/posts\/88314","targetHints":{"allow":["GET"]}}],"collection":[{"href":"https:\/\/www.redenoticia.com.br\/noticia\/wp-json\/wp\/v2\/posts"}],"about":[{"href":"https:\/\/www.redenoticia.com.br\/noticia\/wp-json\/wp\/v2\/types\/post"}],"author":[{"embeddable":true,"href":"https:\/\/www.redenoticia.com.br\/noticia\/wp-json\/wp\/v2\/users\/2"}],"replies":[{"embeddable":true,"href":"https:\/\/www.redenoticia.com.br\/noticia\/wp-json\/wp\/v2\/comments?post=88314"}],"version-history":[{"count":0,"href":"https:\/\/www.redenoticia.com.br\/noticia\/wp-json\/wp\/v2\/posts\/88314\/revisions"}],"wp:featuredmedia":[{"embeddable":true,"href":"https:\/\/www.redenoticia.com.br\/noticia\/wp-json\/wp\/v2\/media\/37419"}],"wp:attachment":[{"href":"https:\/\/www.redenoticia.com.br\/noticia\/wp-json\/wp\/v2\/media?parent=88314"}],"wp:term":[{"taxonomy":"category","embeddable":true,"href":"https:\/\/www.redenoticia.com.br\/noticia\/wp-json\/wp\/v2\/categories?post=88314"},{"taxonomy":"post_tag","embeddable":true,"href":"https:\/\/www.redenoticia.com.br\/noticia\/wp-json\/wp\/v2\/tags?post=88314"}],"curies":[{"name":"wp","href":"https:\/\/api.w.org\/{rel}","templated":true}]}}