{"id":88233,"date":"2016-06-15T10:17:12","date_gmt":"2016-06-15T13:17:12","guid":{"rendered":"http:\/\/www.redenoticia.com.br\/noticia\/?p=88233"},"modified":"2016-06-15T11:55:18","modified_gmt":"2016-06-15T14:55:18","slug":"indice-de-familias-paulistanas-inadimplentes-em-maio-e-o-mais-elevado-desde-2012","status":"publish","type":"post","link":"https:\/\/www.redenoticia.com.br\/noticia\/2016\/indice-de-familias-paulistanas-inadimplentes-em-maio-e-o-mais-elevado-desde-2012\/88233","title":{"rendered":"\u00cdndice de fam\u00edlias paulistanas inadimplentes em maio \u00e9 o mais elevado desde 2012"},"content":{"rendered":"<p> Dados da Federa\u00e7\u00e3o do Com\u00e9rcio de Bens, Servi\u00e7os e Turismo do Estado de S\u00e3o Paulo (FecomercioSP) mostram que, em maio, 18,8% das fam\u00edlias da capital paulista estavam <strong><em>inadimplentes<\/em><\/strong>, ou seja, com o pagamento de contas atrasado. Esse \u00e9 o maior \u00edndice registrado desde junho de 2012. O resultado \u00e9 3,3 pontos percentuais superior ao registrado no mesmo m\u00eas de 2015, e 0,5 ponto maior em rela\u00e7\u00e3o a abril.<\/p>\n<p>Segundo o levantamento, 49,6% das fam\u00edlias t\u00eam d\u00e9bitos vencidos h\u00e1 mais de 90 dias. Em 23,3% dos casos, as contas est\u00e3o vencidas entre 30 e 90 dias e, em 24,7%, por at\u00e9 30 dias.<\/p>\n<p>De acordo com a pesquisa, a inadimpl\u00eancia \u00e9 maior entre as fam\u00edlias com menor renda. Entre as que ganham at\u00e9 dez sal\u00e1rios m\u00ednimos, 22,5% est\u00e3o com contas atrasadas \u2013 aumento de 3,9 pontos percentuais em compara\u00e7\u00e3o com maio de 2015. J\u00e1 entre aquelas que ganham mais de dez sal\u00e1rios m\u00ednimos, 9,9% afirmaram ter d\u00edvidas vencidas em maio \u2013 eleva\u00e7\u00e3o de 1,9 ponto percentual em rela\u00e7\u00e3o ao mesmo m\u00eas de 2015.<\/p>\n<p>\u201cAs fam\u00edlias com menor renda sentem mais os efeitos da crise econ\u00f4mica e, para essa faixa da popula\u00e7\u00e3o, que j\u00e1 vive com o or\u00e7amento mais apertado e precisa do cr\u00e9dito para alavancar seu padr\u00e3o de consumo, qualquer imprevisto pode desequilibrar suas finan\u00e7as e levar \u00e0 inadimpl\u00eancia\u201d, disse, em nota, a FecomercioSP.<\/p>\n<p>O levantamento mostra ainda que, em maio, 7,1% das fam\u00edlias (274 mil, em n\u00fameros absolutos) disseram que n\u00e3o teriam condi\u00e7\u00f5es de pagar totalmente ou parcialmente suas contas no m\u00eas seguinte. Esse percentual era 5,5% no mesmo per\u00edodo de 2015.<\/p>\n<p>\u201cDiante da alta dos pre\u00e7os e queda da renda, o consumidor acaba buscando linhas emergenciais de cr\u00e9dito como o rotativo do cart\u00e3o de cr\u00e9dito e o cheque especial, o que \u00e9 preocupante, pois as taxas de juros cobradas por essas modalidades giram em torno de 300% ao ano, no caso do cheque especial, e superam os 400% ao ano no rotativo do cart\u00e3o de cr\u00e9dito\u201d, destacou a entidade.<\/p>\n<p>Bruno Bocchini &#8211; Rep\u00f3rter da Ag\u00eancia Brasil<br \/>\nEdi\u00e7\u00e3o: Juliana Andrade<br \/>\n15\/06\/2016<\/p>\n","protected":false},"excerpt":{"rendered":"<p>Dados da Federa\u00e7\u00e3o do Com\u00e9rcio de Bens, Servi\u00e7os e Turismo do Estado de S\u00e3o Paulo (FecomercioSP) mostram que, em maio, 18,8% das fam\u00edlias da capital paulista estavam inadimplentes, ou seja, com o pagamento de contas atrasado. Esse \u00e9 o maior \u00edndice registrado desde junho de 2012. O resultado \u00e9 3,3 pontos percentuais superior ao registrado [&hellip;]<\/p>\n","protected":false},"author":2,"featured_media":57583,"comment_status":"open","ping_status":"closed","sticky":false,"template":"","format":"standard","meta":{"_genesis_hide_title":false,"_genesis_hide_breadcrumbs":false,"_genesis_hide_singular_image":false,"_genesis_hide_footer_widgets":false,"_genesis_custom_body_class":"","_genesis_custom_post_class":"","_genesis_layout":"","_jetpack_memberships_contains_paid_content":false,"footnotes":""},"categories":[22,7],"tags":[],"class_list":{"0":"post-88233","1":"post","2":"type-post","3":"status-publish","4":"format-standard","5":"has-post-thumbnail","7":"category-brasil","8":"category-economia","9":"entry","10":"gs-1","11":"gs-odd","12":"gs-even","13":"gs-featured-content-entry"},"jetpack_featured_media_url":"https:\/\/www.redenoticia.com.br\/noticia\/imagens\/economia-grafico.jpg","jetpack_sharing_enabled":true,"jetpack_likes_enabled":true,"_links":{"self":[{"href":"https:\/\/www.redenoticia.com.br\/noticia\/wp-json\/wp\/v2\/posts\/88233","targetHints":{"allow":["GET"]}}],"collection":[{"href":"https:\/\/www.redenoticia.com.br\/noticia\/wp-json\/wp\/v2\/posts"}],"about":[{"href":"https:\/\/www.redenoticia.com.br\/noticia\/wp-json\/wp\/v2\/types\/post"}],"author":[{"embeddable":true,"href":"https:\/\/www.redenoticia.com.br\/noticia\/wp-json\/wp\/v2\/users\/2"}],"replies":[{"embeddable":true,"href":"https:\/\/www.redenoticia.com.br\/noticia\/wp-json\/wp\/v2\/comments?post=88233"}],"version-history":[{"count":0,"href":"https:\/\/www.redenoticia.com.br\/noticia\/wp-json\/wp\/v2\/posts\/88233\/revisions"}],"wp:featuredmedia":[{"embeddable":true,"href":"https:\/\/www.redenoticia.com.br\/noticia\/wp-json\/wp\/v2\/media\/57583"}],"wp:attachment":[{"href":"https:\/\/www.redenoticia.com.br\/noticia\/wp-json\/wp\/v2\/media?parent=88233"}],"wp:term":[{"taxonomy":"category","embeddable":true,"href":"https:\/\/www.redenoticia.com.br\/noticia\/wp-json\/wp\/v2\/categories?post=88233"},{"taxonomy":"post_tag","embeddable":true,"href":"https:\/\/www.redenoticia.com.br\/noticia\/wp-json\/wp\/v2\/tags?post=88233"}],"curies":[{"name":"wp","href":"https:\/\/api.w.org\/{rel}","templated":true}]}}