{"id":88231,"date":"2016-06-15T10:15:17","date_gmt":"2016-06-15T13:15:17","guid":{"rendered":"http:\/\/www.redenoticia.com.br\/noticia\/?p=88231"},"modified":"2016-06-14T19:17:06","modified_gmt":"2016-06-14T22:17:06","slug":"vendas-de-imoveis-residenciais-novos-tem-pior-desempenho-em-sao-paulo-desde-2004","status":"publish","type":"post","link":"https:\/\/www.redenoticia.com.br\/noticia\/2016\/vendas-de-imoveis-residenciais-novos-tem-pior-desempenho-em-sao-paulo-desde-2004\/88231","title":{"rendered":"Vendas de im\u00f3veis residenciais novos tem pior desempenho em S\u00e3o Paulo desde 2004"},"content":{"rendered":"<p> Levantamento divulgado pelo Sindicato da Habita\u00e7\u00e3o (Secovi) em S\u00e3o Paulo mostra que foram vendidas na capital, em abril, 1.182 <strong><em>im\u00f3veis residenciais<\/em><\/strong> novos. Nos primeiros quatro meses do ano, as vendas acumuladas totalizam 4.038 unidades, o menor patamar desde 2004. Nos \u00faltimos 12 anos, a m\u00e9dia para o per\u00edodo ficou em 7,8 mil im\u00f3veis vendidos.<\/p>\n<p>O n\u00famero de abril representa, no entanto, alta de 10,5% em rela\u00e7\u00e3o a mar\u00e7o, quando foram comercializadas 1.070 unidades. Em compara\u00e7\u00e3o com abril do ano passado, o n\u00famero deste ano representa queda de 46%. Naquele m\u00eas foram vendidos 2.185 im\u00f3veis residenciais.<\/p>\n<p>De acordo com o Secovi, a conjuntura econ\u00f4mica vem causando impacto na comercializa\u00e7\u00e3o e o lan\u00e7amento de novos empreendimentos desde 2014. O sindicato acredita, entretanto, que o governo deve tomar medidas para a conten\u00e7\u00e3o dos gastos p\u00fablicos e outras a\u00e7\u00f5es para ajustes econ\u00f4micos, o que deve devolver a confian\u00e7a ao mercado e aos consumidores.<\/p>\n<p>Desse modo, a entidade espera uma redu\u00e7\u00e3o da tend\u00eancia de queda no segundo semestre e uma recupera\u00e7\u00e3o do crescimento em 2017. &#8220;Com isso, o setor imobili\u00e1rio poder\u00e1 iniciar a supera\u00e7\u00e3o de sua pior crise da hist\u00f3ria, com recupera\u00e7\u00e3o lenta e longa&#8221;, diz o vice-presidente de Incorpora\u00e7\u00e3o do Secovi, Emilio Kallas.<\/p>\n<p>Os im\u00f3veis com pre\u00e7os abaixo de R$ 225 mil representaram 39,7% das vendas em abril (470 unidades, liderando o desempenho no m\u00eas). Quanto ao tamanho dos im\u00f3veis, as unidades com dois quartos significaram 61,6% das vendas (729 resid\u00eancias).<\/p>\n<p>Daniel Mello &#8211; Rep\u00f3rter da Ag\u00eancia Brasil<br \/>\nEdi\u00e7\u00e3o: Gra\u00e7a Adjuto<br \/>\n15\/06\/2016<\/p>\n","protected":false},"excerpt":{"rendered":"<p>Levantamento divulgado pelo Sindicato da Habita\u00e7\u00e3o (Secovi) em S\u00e3o Paulo mostra que foram vendidas na capital, em abril, 1.182 im\u00f3veis residenciais novos. Nos primeiros quatro meses do ano, as vendas acumuladas totalizam 4.038 unidades, o menor patamar desde 2004. Nos \u00faltimos 12 anos, a m\u00e9dia para o per\u00edodo ficou em 7,8 mil im\u00f3veis vendidos. O [&hellip;]<\/p>\n","protected":false},"author":2,"featured_media":34681,"comment_status":"open","ping_status":"closed","sticky":false,"template":"","format":"standard","meta":{"_genesis_hide_title":false,"_genesis_hide_breadcrumbs":false,"_genesis_hide_singular_image":false,"_genesis_hide_footer_widgets":false,"_genesis_custom_body_class":"","_genesis_custom_post_class":"","_genesis_layout":"","_jetpack_memberships_contains_paid_content":false,"footnotes":""},"categories":[22,7],"tags":[],"class_list":{"0":"post-88231","1":"post","2":"type-post","3":"status-publish","4":"format-standard","5":"has-post-thumbnail","7":"category-brasil","8":"category-economia","9":"entry","10":"gs-1","11":"gs-odd","12":"gs-even","13":"gs-featured-content-entry"},"jetpack_featured_media_url":"https:\/\/www.redenoticia.com.br\/noticia\/imagens\/secovi-sp.jpg","jetpack_sharing_enabled":true,"jetpack_likes_enabled":true,"_links":{"self":[{"href":"https:\/\/www.redenoticia.com.br\/noticia\/wp-json\/wp\/v2\/posts\/88231","targetHints":{"allow":["GET"]}}],"collection":[{"href":"https:\/\/www.redenoticia.com.br\/noticia\/wp-json\/wp\/v2\/posts"}],"about":[{"href":"https:\/\/www.redenoticia.com.br\/noticia\/wp-json\/wp\/v2\/types\/post"}],"author":[{"embeddable":true,"href":"https:\/\/www.redenoticia.com.br\/noticia\/wp-json\/wp\/v2\/users\/2"}],"replies":[{"embeddable":true,"href":"https:\/\/www.redenoticia.com.br\/noticia\/wp-json\/wp\/v2\/comments?post=88231"}],"version-history":[{"count":0,"href":"https:\/\/www.redenoticia.com.br\/noticia\/wp-json\/wp\/v2\/posts\/88231\/revisions"}],"wp:featuredmedia":[{"embeddable":true,"href":"https:\/\/www.redenoticia.com.br\/noticia\/wp-json\/wp\/v2\/media\/34681"}],"wp:attachment":[{"href":"https:\/\/www.redenoticia.com.br\/noticia\/wp-json\/wp\/v2\/media?parent=88231"}],"wp:term":[{"taxonomy":"category","embeddable":true,"href":"https:\/\/www.redenoticia.com.br\/noticia\/wp-json\/wp\/v2\/categories?post=88231"},{"taxonomy":"post_tag","embeddable":true,"href":"https:\/\/www.redenoticia.com.br\/noticia\/wp-json\/wp\/v2\/tags?post=88231"}],"curies":[{"name":"wp","href":"https:\/\/api.w.org\/{rel}","templated":true}]}}