{"id":88229,"date":"2016-06-15T10:13:39","date_gmt":"2016-06-15T13:13:39","guid":{"rendered":"http:\/\/www.redenoticia.com.br\/noticia\/?p=88229"},"modified":"2016-06-14T19:15:06","modified_gmt":"2016-06-14T22:15:06","slug":"ibge-diz-que-comercio-tem-crescimento-de-vendas-de-05","status":"publish","type":"post","link":"https:\/\/www.redenoticia.com.br\/noticia\/2016\/ibge-diz-que-comercio-tem-crescimento-de-vendas-de-05\/88229","title":{"rendered":"IBGE diz que com\u00e9rcio tem crescimento de vendas de 0,5%"},"content":{"rendered":"<p> Depois de fechar mar\u00e7o em queda, tanto na receita nominal quanto no volume de vendas, o <strong><em>com\u00e9rcio varejista<\/em><\/strong> do pa\u00eds reverteu a situa\u00e7\u00e3o em abril com expans\u00e3o em ambos os indicadores, na s\u00e9rie com ajuste sazonal. Enquanto as vendas do com\u00e9rcio varejista aumentaram em abril 0,5%, a receita nominal cresceu 1,2%, comparativamente a mar\u00e7o.<\/p>\n<p>Os dados fazem parte da Pesquisa Mensal do Com\u00e9rcio (PMC), divulgada pelo Instituto Brasileiro de Geografia e Estat\u00edstica (IBGE). Em mar\u00e7o, houve queda de 0,9% no volume de vendas e de 0,2% na receita nominal do setor.<\/p>\n<p>Em rela\u00e7\u00e3o a abril de 2015, s\u00e9rie sem ajuste sazonal, o volume de vendas do varejo recuou 6,7%, a d\u00e9cima terceira taxa negativa consecutiva nesse tipo de compara\u00e7\u00e3o. Mesmo com o resultado positivo de abril, o com\u00e9rcio varejista fechou os quatro primeiros meses do ano com queda acumulada de 6,9%, retra\u00e7\u00e3o que \u00e9 ainda maior no acumulado dos \u00faltimos 12 meses: 6,1%, mantendo uma trajet\u00f3ria descendente iniciada em julho de 2014.<\/p>\n<p>Varia\u00e7\u00f5es positivas<\/p>\n<p>Quanto \u00e0 receita nominal de vendas, as taxas prosseguem com varia\u00e7\u00f5es positivas. Frente abril do ano passado, o crescimento foi de 5,2%, caindo para 4,8% no acumulado no ano e para 3,2 % no acumulado dos \u00faltimos 12 meses (taxa anualizada).<\/p>\n<p>Os dados do IBGE indicam, tamb\u00e9m, que o com\u00e9rcio varejista ampliado (a\u00ed inclu\u00eddas, al\u00e9m do varejo, as atividades de ve\u00edculos, motos, partes e pe\u00e7as e de material de constru\u00e7\u00e3o), fechou abril em rela\u00e7\u00e3o a mar\u00e7o de 2016 com queda de -1,4% para o volume de vendas e de -0,4% para a receita nominal, ambas na s\u00e9rie com ajuste sazonal.<\/p>\n<p>Em rela\u00e7\u00e3o a abril de 2015, o volume de vendas do varejo ampliado recuou 9,1% e a receita nominal, 0,4%. Quanto \u00e0s taxas acumuladas, as varia\u00e7\u00f5es foram de -9,3% no acumulado dos quatro primeiros meses ano e de -9,7% nos \u00faltimos 12 meses para o volume de vendas; e de -0,6% para a receita nominal nos quatro primeiros meses do ano e de -0,2% na taxa acumulada nos \u00faltimos doze meses.<\/p>\n<p>Expans\u00e3o limitada<\/p>\n<p>O crescimento de 0,5% nas vendas do com\u00e9rcio varejista de mar\u00e7o para abril deste ano reflete, na s\u00e9rie dessazonalizada, expans\u00f5es em apenas tr\u00eas das oito atividades pesquisadas pelo IBGE.<\/p>\n<p>Em consequ\u00eancia, o resultado positivo foi influenciado, principalmente, pelos setores de hipermercados, supermercados, produtos aliment\u00edcios, bebidas e fumo, que sa\u00edram de um resultado negativo de 1,4% em mar\u00e7o para uma alta de 1,0% em abril; outros artigos de uso pessoal e dom\u00e9stico (de -1,9% para 2,8%); e tecidos, vestu\u00e1rio e cal\u00e7ados (de -4,7% para 3,7%).<\/p>\n<p>J\u00e1 as vendas no setor de combust\u00edveis e lubrificantes, que fecharam mar\u00e7o em queda de 1,2%, em abril foram nulas, ficando est\u00e1veis (0,0%) frente a mar\u00e7o.<\/p>\n<p>Em contrapartida, entre as cinco atividades que influenciaram negativamente as vendas do com\u00e9rcio est\u00e3o as de equipamentos e material para escrit\u00f3rio, inform\u00e1tica e comunica\u00e7\u00e3o (-4,9%); livros, jornais, revistas e papelaria (-3,4%); artigos farmac\u00eauticos, m\u00e9dicos, ortop\u00e9dicos, de perfumaria e cosm\u00e9ticos (-2,9%); e m\u00f3veis e eletrodom\u00e9sticos (-1,8%).<\/p>\n<p>Varejo ampliado<br \/>\nOs dados da Pesquisa Mensal do Com\u00e9rcio indicam que as vendas do com\u00e9rcio varejista ampliado mantiveram varia\u00e7\u00e3o negativa de 1,4% entre mar\u00e7o e abril, influenciadas pelo desempenho de ve\u00edculos e motos, partes e pe\u00e7as, item que chegou a recuar 6,6%; e material de constru\u00e7\u00e3o, com queda de 4%.<\/p>\n<p>Na compara\u00e7\u00e3o com abril do ano passado, o volume de vendas no com\u00e9rcio varejista teve queda ainda mais expressiva: de 6,7%. A retra\u00e7\u00e3o teve perfil disseminado de resultados negativos, alcan\u00e7ando todas as oito atividades pesquisadas.<\/p>\n<p>Segundo o IBGE, o resultado foi impulsionado, principalmente, pelo desempenho negativo de hipermercados, supermercados, produtos aliment\u00edcios, bebidas e fumo, com queda de 4,4%. A segunda maior influ\u00eancia foi exercida pelos setores de combust\u00edveis e lubrificantes (-10,8%); outros artigos de uso pessoal e dom\u00e9stico (-10,4%); e m\u00f3veis e eletrodom\u00e9sticos (-10,1%). Os tr\u00eas \u00faltimos segmentos fecharam com recuos de dois d\u00edgitos.<\/p>\n<p>No entanto, as quatro atividades responderam por mais de 80% do resultado global do varejo ampliado em abril, com o setor de hipermercados, supermercados, produtos aliment\u00edcios, bebidas e fumo acusando varia\u00e7\u00e3o de -4,4% no volume de vendas com o maior impacto negativo na forma\u00e7\u00e3o da taxa global do varejo. A queda no m\u00eas de abril foi a d\u00e9cima quinta consecutiva e a mais intensa nos \u00faltimos dois meses.<\/p>\n<p>O segmento de combust\u00edveis e lubrificantes, com recuo de 10,8% no volume de vendas em rela\u00e7\u00e3o a abril de 2015, representou a segunda maior contribui\u00e7\u00e3o negativa no resultado do varejo. A taxa acumulada em quatro meses do ano foi de -9,8% e nos \u00faltimos 12 meses, -8,2%. De acordo com o IBGE, o desempenho da atividade \u201cfoi influenciado pela eleva\u00e7\u00e3o do pre\u00e7o de combust\u00edveis, al\u00e9m da perda de renda real e restri\u00e7\u00e3o de cr\u00e9dito\u201d.<\/p>\n<p>N\u00fameros positivos<\/p>\n<p>O crescimento de 0,5% nas vendas do com\u00e9rcio varejista entre mar\u00e7o e abril reflete resultados positivos em 17 das 27 unidades da federa\u00e7\u00e3o, na s\u00e9rie com ajuste sazonal. Entre os principais destaques em termos de magnitude est\u00e3o os avan\u00e7os de 6,3% nas vendas do com\u00e9rcio varejista de Sergipe; de 3,5% no Amap\u00e1; e de 2,9% no Paran\u00e1. Em Minas Gerais, as vendas ficaram est\u00e1veis entre um m\u00eas e outro, enquanto as maiores quedas foram em Rond\u00f4nia (-3,7%), Bahia (-1,8%) e Amazonas (-1,6%).<\/p>\n<p>J\u00e1 na compara\u00e7\u00e3o com abril do ano passado, a redu\u00e7\u00e3o do volume de vendas no varejo alcan\u00e7ou 26 das 27 unidades da federa\u00e7\u00e3o. Roraima, com 0,1%, ficou est\u00e1vel. As quedas mais significativas foram no Amap\u00e1 (-15,1%); Rond\u00f4nia (-14,7%); Amazonas (-14,3%), Distrito Federal (-13,8%) e Bahia (13,1%).<\/p>\n<p>Quanto \u00e0 participa\u00e7\u00e3o na composi\u00e7\u00e3o da taxa do com\u00e9rcio varejista, em raz\u00e3o do peso exercido, destacaram-se S\u00e3o Paulo (-6,8%), Rio de Janeiro (-5,7%); Rio Grande do Sul (-9,4%) e Bahia (-12,2%).<\/p>\n<p>Quanto ao com\u00e9rcio varejista ampliado, todas as 27 unidades da federa\u00e7\u00e3o apresentaram varia\u00e7\u00f5es negativas para o volume de vendas na compara\u00e7\u00e3o com o mesmo per\u00edodo do ano anterior. Os destaques, em termos de influ\u00eancia no resultado global, foram S\u00e3o Paulo (-4,8%), Minas Gerais (-13%), Rio de Janeiro (-8,7%) e Rio Grande do Sul (-15,1%).<\/p>\n<p>Nielmar de Oliveira &#8211; Rep\u00f3rter da Ag\u00eancia Brasil<br \/>\nEdi\u00e7\u00e3o: Kleber Sampaio<br \/>\n15\/06\/2016<\/p>\n","protected":false},"excerpt":{"rendered":"<p>Depois de fechar mar\u00e7o em queda, tanto na receita nominal quanto no volume de vendas, o com\u00e9rcio varejista do pa\u00eds reverteu a situa\u00e7\u00e3o em abril com expans\u00e3o em ambos os indicadores, na s\u00e9rie com ajuste sazonal. Enquanto as vendas do com\u00e9rcio varejista aumentaram em abril 0,5%, a receita nominal cresceu 1,2%, comparativamente a mar\u00e7o. Os [&hellip;]<\/p>\n","protected":false},"author":2,"featured_media":40734,"comment_status":"open","ping_status":"closed","sticky":false,"template":"","format":"standard","meta":{"_genesis_hide_title":false,"_genesis_hide_breadcrumbs":false,"_genesis_hide_singular_image":false,"_genesis_hide_footer_widgets":false,"_genesis_custom_body_class":"","_genesis_custom_post_class":"","_genesis_layout":"","_jetpack_memberships_contains_paid_content":false,"footnotes":""},"categories":[22,7],"tags":[],"class_list":{"0":"post-88229","1":"post","2":"type-post","3":"status-publish","4":"format-standard","5":"has-post-thumbnail","7":"category-brasil","8":"category-economia","9":"entry","10":"gs-1","11":"gs-odd","12":"gs-even","13":"gs-featured-content-entry"},"jetpack_featured_media_url":"https:\/\/www.redenoticia.com.br\/noticia\/imagens\/economia-resultados.jpg","jetpack_sharing_enabled":true,"jetpack_likes_enabled":true,"_links":{"self":[{"href":"https:\/\/www.redenoticia.com.br\/noticia\/wp-json\/wp\/v2\/posts\/88229","targetHints":{"allow":["GET"]}}],"collection":[{"href":"https:\/\/www.redenoticia.com.br\/noticia\/wp-json\/wp\/v2\/posts"}],"about":[{"href":"https:\/\/www.redenoticia.com.br\/noticia\/wp-json\/wp\/v2\/types\/post"}],"author":[{"embeddable":true,"href":"https:\/\/www.redenoticia.com.br\/noticia\/wp-json\/wp\/v2\/users\/2"}],"replies":[{"embeddable":true,"href":"https:\/\/www.redenoticia.com.br\/noticia\/wp-json\/wp\/v2\/comments?post=88229"}],"version-history":[{"count":0,"href":"https:\/\/www.redenoticia.com.br\/noticia\/wp-json\/wp\/v2\/posts\/88229\/revisions"}],"wp:featuredmedia":[{"embeddable":true,"href":"https:\/\/www.redenoticia.com.br\/noticia\/wp-json\/wp\/v2\/media\/40734"}],"wp:attachment":[{"href":"https:\/\/www.redenoticia.com.br\/noticia\/wp-json\/wp\/v2\/media?parent=88229"}],"wp:term":[{"taxonomy":"category","embeddable":true,"href":"https:\/\/www.redenoticia.com.br\/noticia\/wp-json\/wp\/v2\/categories?post=88229"},{"taxonomy":"post_tag","embeddable":true,"href":"https:\/\/www.redenoticia.com.br\/noticia\/wp-json\/wp\/v2\/tags?post=88229"}],"curies":[{"name":"wp","href":"https:\/\/api.w.org\/{rel}","templated":true}]}}