{"id":88227,"date":"2016-06-15T10:12:21","date_gmt":"2016-06-15T13:12:21","guid":{"rendered":"http:\/\/www.redenoticia.com.br\/noticia\/?p=88227"},"modified":"2016-06-14T19:13:29","modified_gmt":"2016-06-14T22:13:29","slug":"mais-de-14-milhao-de-pessoas-deixam-planos-de-saude-em-um-ano","status":"publish","type":"post","link":"https:\/\/www.redenoticia.com.br\/noticia\/2016\/mais-de-14-milhao-de-pessoas-deixam-planos-de-saude-em-um-ano\/88227","title":{"rendered":"Mais de 1,4 milh\u00e3o de pessoas deixam planos de sa\u00fade em um ano"},"content":{"rendered":"<p> O n\u00famero de benefici\u00e1rios de <strong><em>planos de sa\u00fade<\/em><\/strong> caiu 2,8% entre maio de 2015 e maio deste ano. Dados da Ag\u00eancia Nacional de Sa\u00fade Suplementar (ANS) indicam que, neste per\u00edodo, mais de 1,4 milh\u00e3o de pessoas deixaram a sa\u00fade suplementar.<\/p>\n<p>Dos mais de 48 milh\u00f5es de benefici\u00e1rios de planos de sa\u00fade, pouco mais de 19% t\u00eam contrato com planos individuais, cujos reajustes anuais s\u00e3o regulados pela ANS. Os quase 81% restantes t\u00eam planos coletivos, cujos reajustes s\u00e3o negociado entre os planos e as empresas.<\/p>\n<p>Enquanto o valor de reajuste estipulado pela ANS em 2016 foi 13,57% acima do IPCA (\u00cdndice de Pre\u00e7os ao Consumidor Amplo) do per\u00edodo, de 9,26%, alguns planos empresariais tiveram aumentos de mais de 20%.<\/p>\n<p>Aline Leal \u2013 Rep\u00f3rter da Ag\u00eancia Brasil<br \/>\nEdi\u00e7\u00e3o: N\u00e1dia Franco<br \/>\n15\/06\/2016<br \/>\n&#8212;<br \/>\nA Empresa Brasil de Comunica\u00e7\u00e3o \u00e9 uma institui\u00e7\u00e3o da democracia brasileira: p\u00fablica, inclusiva e cidad\u00e3. Criada em 2007 para fortalecer o sistema p\u00fablico de comunica\u00e7\u00e3o, \u00e9 gestora dos canais TV Brasil, TV Brasil Internacional, Ag\u00eancia Brasil, Radioag\u00eancia Nacional e do sistema p\u00fablico de R\u00e1dio \u2013 composto por oito emissoras. Estes, por sua independ\u00eancia editorial, distinguem-se dos canais estatais ou governamentais, com conte\u00fados diferenciados e complementares aos canais privados. Os ve\u00edculos da EBC t\u00eam autonomia para definir produ\u00e7\u00e3o, programa\u00e7\u00e3o e distribui\u00e7\u00e3o de conte\u00fados.<\/p>\n","protected":false},"excerpt":{"rendered":"<p>O n\u00famero de benefici\u00e1rios de planos de sa\u00fade caiu 2,8% entre maio de 2015 e maio deste ano. Dados da Ag\u00eancia Nacional de Sa\u00fade Suplementar (ANS) indicam que, neste per\u00edodo, mais de 1,4 milh\u00e3o de pessoas deixaram a sa\u00fade suplementar. Dos mais de 48 milh\u00f5es de benefici\u00e1rios de planos de sa\u00fade, pouco mais de 19% [&hellip;]<\/p>\n","protected":false},"author":2,"featured_media":57585,"comment_status":"open","ping_status":"closed","sticky":false,"template":"","format":"standard","meta":{"_genesis_hide_title":false,"_genesis_hide_breadcrumbs":false,"_genesis_hide_singular_image":false,"_genesis_hide_footer_widgets":false,"_genesis_custom_body_class":"","_genesis_custom_post_class":"","_genesis_layout":"","_jetpack_memberships_contains_paid_content":false,"footnotes":""},"categories":[22,7],"tags":[],"class_list":{"0":"post-88227","1":"post","2":"type-post","3":"status-publish","4":"format-standard","5":"has-post-thumbnail","7":"category-brasil","8":"category-economia","9":"entry","10":"gs-1","11":"gs-odd","12":"gs-even","13":"gs-featured-content-entry"},"jetpack_featured_media_url":"https:\/\/www.redenoticia.com.br\/noticia\/imagens\/analise-economia.jpg","jetpack_sharing_enabled":true,"jetpack_likes_enabled":true,"_links":{"self":[{"href":"https:\/\/www.redenoticia.com.br\/noticia\/wp-json\/wp\/v2\/posts\/88227","targetHints":{"allow":["GET"]}}],"collection":[{"href":"https:\/\/www.redenoticia.com.br\/noticia\/wp-json\/wp\/v2\/posts"}],"about":[{"href":"https:\/\/www.redenoticia.com.br\/noticia\/wp-json\/wp\/v2\/types\/post"}],"author":[{"embeddable":true,"href":"https:\/\/www.redenoticia.com.br\/noticia\/wp-json\/wp\/v2\/users\/2"}],"replies":[{"embeddable":true,"href":"https:\/\/www.redenoticia.com.br\/noticia\/wp-json\/wp\/v2\/comments?post=88227"}],"version-history":[{"count":0,"href":"https:\/\/www.redenoticia.com.br\/noticia\/wp-json\/wp\/v2\/posts\/88227\/revisions"}],"wp:featuredmedia":[{"embeddable":true,"href":"https:\/\/www.redenoticia.com.br\/noticia\/wp-json\/wp\/v2\/media\/57585"}],"wp:attachment":[{"href":"https:\/\/www.redenoticia.com.br\/noticia\/wp-json\/wp\/v2\/media?parent=88227"}],"wp:term":[{"taxonomy":"category","embeddable":true,"href":"https:\/\/www.redenoticia.com.br\/noticia\/wp-json\/wp\/v2\/categories?post=88227"},{"taxonomy":"post_tag","embeddable":true,"href":"https:\/\/www.redenoticia.com.br\/noticia\/wp-json\/wp\/v2\/tags?post=88227"}],"curies":[{"name":"wp","href":"https:\/\/api.w.org\/{rel}","templated":true}]}}