{"id":88129,"date":"2016-06-14T10:07:47","date_gmt":"2016-06-14T13:07:47","guid":{"rendered":"http:\/\/www.redenoticia.com.br\/noticia\/?p=88129"},"modified":"2016-06-13T19:09:00","modified_gmt":"2016-06-13T22:09:00","slug":"vendas-para-o-dia-dos-namorados-tem-queda-de-95-em-relacao-a-2015","status":"publish","type":"post","link":"https:\/\/www.redenoticia.com.br\/noticia\/2016\/vendas-para-o-dia-dos-namorados-tem-queda-de-95-em-relacao-a-2015\/88129","title":{"rendered":"Vendas para o Dia dos Namorados t\u00eam queda de 9,5% em rela\u00e7\u00e3o a 2015"},"content":{"rendered":"<p> As <strong><em>vendas para o Dia dos Namorados<\/em><\/strong> deste ano em todo o Brasil registraram queda de 9,5% na compara\u00e7\u00e3o com o ano passado. Segundo a Serasa Experian, que divulgou o Indicador de Atividade do Com\u00e9rcio, este foi o pior desempenho desde 2006, quando o indicador come\u00e7ou a ser divulgado.<\/p>\n<p>Na cidade de S\u00e3o Paulo, as vendas para o Dia dos Namorados ca\u00edram 8,9% entre os dias 6 e 12 de junho, na compara\u00e7\u00e3o com o mesmo per\u00edodo do ano passado.<\/p>\n<p>Para os economistas da Serasa Experian, as vendas no com\u00e9rcio deste ano foram afetados pelo cr\u00e9dito mais escasso e mais caro, pela queda do poder de compra dos brasileiros e pela infla\u00e7\u00e3o ainda em patamar elevado.<\/p>\n<p>Elaine Patricia Cruz \u2013 Rep\u00f3rter da Ag\u00eancia Brasil<br \/>\nEdi\u00e7\u00e3o: Armando Cardoso<br \/>\n14\/06\/2016<br \/>\n&#8212;<br \/>\nA Empresa Brasil de Comunica\u00e7\u00e3o \u00e9 uma institui\u00e7\u00e3o da democracia brasileira: p\u00fablica, inclusiva e cidad\u00e3. Criada em 2007 para fortalecer o sistema p\u00fablico de comunica\u00e7\u00e3o, \u00e9 gestora dos canais TV Brasil, TV Brasil Internacional, Ag\u00eancia Brasil, Radioag\u00eancia Nacional e do sistema p\u00fablico de R\u00e1dio \u2013 composto por oito emissoras. Estes, por sua independ\u00eancia editorial, distinguem-se dos canais estatais ou governamentais, com conte\u00fados diferenciados e complementares aos canais privados. Os ve\u00edculos da EBC t\u00eam autonomia para definir produ\u00e7\u00e3o, programa\u00e7\u00e3o e distribui\u00e7\u00e3o de conte\u00fados.<\/p>\n","protected":false},"excerpt":{"rendered":"<p>As vendas para o Dia dos Namorados deste ano em todo o Brasil registraram queda de 9,5% na compara\u00e7\u00e3o com o ano passado. Segundo a Serasa Experian, que divulgou o Indicador de Atividade do Com\u00e9rcio, este foi o pior desempenho desde 2006, quando o indicador come\u00e7ou a ser divulgado. Na cidade de S\u00e3o Paulo, as [&hellip;]<\/p>\n","protected":false},"author":2,"featured_media":57585,"comment_status":"open","ping_status":"closed","sticky":false,"template":"","format":"standard","meta":{"_genesis_hide_title":false,"_genesis_hide_breadcrumbs":false,"_genesis_hide_singular_image":false,"_genesis_hide_footer_widgets":false,"_genesis_custom_body_class":"","_genesis_custom_post_class":"","_genesis_layout":"","_jetpack_memberships_contains_paid_content":false,"footnotes":""},"categories":[22,7],"tags":[],"class_list":{"0":"post-88129","1":"post","2":"type-post","3":"status-publish","4":"format-standard","5":"has-post-thumbnail","7":"category-brasil","8":"category-economia","9":"entry","10":"gs-1","11":"gs-odd","12":"gs-even","13":"gs-featured-content-entry"},"jetpack_featured_media_url":"https:\/\/www.redenoticia.com.br\/noticia\/imagens\/analise-economia.jpg","jetpack_sharing_enabled":true,"jetpack_likes_enabled":true,"_links":{"self":[{"href":"https:\/\/www.redenoticia.com.br\/noticia\/wp-json\/wp\/v2\/posts\/88129","targetHints":{"allow":["GET"]}}],"collection":[{"href":"https:\/\/www.redenoticia.com.br\/noticia\/wp-json\/wp\/v2\/posts"}],"about":[{"href":"https:\/\/www.redenoticia.com.br\/noticia\/wp-json\/wp\/v2\/types\/post"}],"author":[{"embeddable":true,"href":"https:\/\/www.redenoticia.com.br\/noticia\/wp-json\/wp\/v2\/users\/2"}],"replies":[{"embeddable":true,"href":"https:\/\/www.redenoticia.com.br\/noticia\/wp-json\/wp\/v2\/comments?post=88129"}],"version-history":[{"count":0,"href":"https:\/\/www.redenoticia.com.br\/noticia\/wp-json\/wp\/v2\/posts\/88129\/revisions"}],"wp:featuredmedia":[{"embeddable":true,"href":"https:\/\/www.redenoticia.com.br\/noticia\/wp-json\/wp\/v2\/media\/57585"}],"wp:attachment":[{"href":"https:\/\/www.redenoticia.com.br\/noticia\/wp-json\/wp\/v2\/media?parent=88129"}],"wp:term":[{"taxonomy":"category","embeddable":true,"href":"https:\/\/www.redenoticia.com.br\/noticia\/wp-json\/wp\/v2\/categories?post=88129"},{"taxonomy":"post_tag","embeddable":true,"href":"https:\/\/www.redenoticia.com.br\/noticia\/wp-json\/wp\/v2\/tags?post=88129"}],"curies":[{"name":"wp","href":"https:\/\/api.w.org\/{rel}","templated":true}]}}