{"id":88030,"date":"2016-06-13T10:44:54","date_gmt":"2016-06-13T13:44:54","guid":{"rendered":"http:\/\/www.redenoticia.com.br\/noticia\/?p=88030"},"modified":"2016-06-10T23:45:41","modified_gmt":"2016-06-11T02:45:41","slug":"transportes-comunicacoes-e-justica-terao-maiores-cortes-de-cargos-comissionados","status":"publish","type":"post","link":"https:\/\/www.redenoticia.com.br\/noticia\/2016\/transportes-comunicacoes-e-justica-terao-maiores-cortes-de-cargos-comissionados\/88030","title":{"rendered":"Transportes, Comunica\u00e7\u00f5es e Justi\u00e7a ter\u00e3o maiores cortes de cargos comissionados"},"content":{"rendered":"<p> Os minist\u00e9rios dos Transportes, das Comunica\u00e7\u00f5es e da Justi\u00e7a ter\u00e3o os maiores cortes proporcionais nos <strong><em>cargos comissionados<\/em><\/strong>, informou h\u00e1 pouco o secret\u00e1rio de Gest\u00e3o do Minist\u00e9rio do Planejamento, Gleisson Rubin. Segundo ele, as tr\u00eas pastas foram as mais afetadas por causa da recente fus\u00e3o com outros minist\u00e9rios, o que permitiu a elimina\u00e7\u00e3o de estruturas administrativas.<\/p>\n<p>No caso do Minist\u00e9rio dos Transportes, a pasta foi fundida com as secretarias de Portos e de Avia\u00e7\u00e3o Civil. O Minist\u00e9rio das Comunica\u00e7\u00f5es foi unido \u00e0 pasta de Ci\u00eancia, Tecnologia e Inova\u00e7\u00e3o. O Minist\u00e9rio da Justi\u00e7a tamb\u00e9m assumiu as secretarias de Cidadania e de Direitos Humanos.<\/p>\n<p>Secretarias<\/p>\n<p>Em n\u00fameros absolutos, maiores cortes de cargos comissionados ocorrer\u00e3o nos minist\u00e9rios da Sa\u00fade, Educa\u00e7\u00e3o e Planejamento.<\/p>\n<p>\u201cFizemos um trabalho dirigente, detalhado, para identificar sobreposi\u00e7\u00f5es e \u00e1reas que poderiam ser reduzidas porque passaram a ser atendidas por outra estrutura\u201d, afirmou Rubin. Segundo ele, a maior parte dos 4,3 mil cargos em comiss\u00e3o e fun\u00e7\u00f5es de gratifica\u00e7\u00e3o eliminados se refere a cargos administrativos dos \u00f3rg\u00e3os internos.<\/p>\n<p>De acordo com o secret\u00e1rio, as mudan\u00e7as permitir\u00e3o a elimina\u00e7\u00e3o de 20 secretarias federais, al\u00e9m das 13 eliminadas com a medida provis\u00f3ria que reduziu o n\u00famero de minist\u00e9rios, resultando no corte de 33 secretarias.<\/p>\n<p>Economia<\/p>\n<p>Por enquanto, a mudan\u00e7a s\u00f3 afeta a administra\u00e7\u00e3o direta (minist\u00e9rios, autarquias e funda\u00e7\u00f5es). Segundo o ministro interino do Planejamento, Dyogo Oliveira, a redu\u00e7\u00e3o de cargos em comiss\u00e3o nas empresas estatais e nos fundos de pens\u00e3o depende da aprova\u00e7\u00e3o, pela C\u00e2mara dos Deputados, dos projetos que limitam as indica\u00e7\u00f5es para os cargos de presidente e de diretores a pessoas com qualifica\u00e7\u00e3o t\u00e9cnica.<\/p>\n<p>Segundo o ministro, o corte de 4.307 cargos em comiss\u00e3o e de fun\u00e7\u00f5es permitir\u00e3o ao governo economizar R$ 230 milh\u00f5es por ano. A quantia representa apenas 0,08% dos R$ 250 bilh\u00f5es da folha de pagamento federal com os servidores ativos e inativos.<\/p>\n<p>Concursados<\/p>\n<p>Al\u00e9m da elimina\u00e7\u00e3o dos cargos de Dire\u00e7\u00e3o e Assessoramento Superiores (DAS) e de gratifica\u00e7\u00f5es, o governo converteu 10.482 cargos de DAS, de livre provimento, em fun\u00e7\u00f5es comissionadas do Poder Executivo, exclusiva de servidores concursados.<\/p>\n<p>Conforme Oliveira, essa medida trar\u00e1 pouca economia, porque atualmente 80% dos cargos de DAS s\u00e3o ocupados por servidores concursados.<\/p>\n<p>Wellton M\u00e1ximo \u2013 Rep\u00f3rter da Ag\u00eancia Brasil<br \/>\nEdi\u00e7\u00e3o: Armando Cardoso<br \/>\n13\/06\/2016<\/p>\n","protected":false},"excerpt":{"rendered":"<p>Os minist\u00e9rios dos Transportes, das Comunica\u00e7\u00f5es e da Justi\u00e7a ter\u00e3o os maiores cortes proporcionais nos cargos comissionados, informou h\u00e1 pouco o secret\u00e1rio de Gest\u00e3o do Minist\u00e9rio do Planejamento, Gleisson Rubin. Segundo ele, as tr\u00eas pastas foram as mais afetadas por causa da recente fus\u00e3o com outros minist\u00e9rios, o que permitiu a elimina\u00e7\u00e3o de estruturas administrativas. [&hellip;]<\/p>\n","protected":false},"author":2,"featured_media":57583,"comment_status":"open","ping_status":"closed","sticky":false,"template":"","format":"standard","meta":{"_genesis_hide_title":false,"_genesis_hide_breadcrumbs":false,"_genesis_hide_singular_image":false,"_genesis_hide_footer_widgets":false,"_genesis_custom_body_class":"","_genesis_custom_post_class":"","_genesis_layout":"","_jetpack_memberships_contains_paid_content":false,"footnotes":""},"categories":[22,7],"tags":[],"class_list":{"0":"post-88030","1":"post","2":"type-post","3":"status-publish","4":"format-standard","5":"has-post-thumbnail","7":"category-brasil","8":"category-economia","9":"entry","10":"gs-1","11":"gs-odd","12":"gs-even","13":"gs-featured-content-entry"},"jetpack_featured_media_url":"https:\/\/www.redenoticia.com.br\/noticia\/imagens\/economia-grafico.jpg","jetpack_sharing_enabled":true,"jetpack_likes_enabled":true,"_links":{"self":[{"href":"https:\/\/www.redenoticia.com.br\/noticia\/wp-json\/wp\/v2\/posts\/88030","targetHints":{"allow":["GET"]}}],"collection":[{"href":"https:\/\/www.redenoticia.com.br\/noticia\/wp-json\/wp\/v2\/posts"}],"about":[{"href":"https:\/\/www.redenoticia.com.br\/noticia\/wp-json\/wp\/v2\/types\/post"}],"author":[{"embeddable":true,"href":"https:\/\/www.redenoticia.com.br\/noticia\/wp-json\/wp\/v2\/users\/2"}],"replies":[{"embeddable":true,"href":"https:\/\/www.redenoticia.com.br\/noticia\/wp-json\/wp\/v2\/comments?post=88030"}],"version-history":[{"count":0,"href":"https:\/\/www.redenoticia.com.br\/noticia\/wp-json\/wp\/v2\/posts\/88030\/revisions"}],"wp:featuredmedia":[{"embeddable":true,"href":"https:\/\/www.redenoticia.com.br\/noticia\/wp-json\/wp\/v2\/media\/57583"}],"wp:attachment":[{"href":"https:\/\/www.redenoticia.com.br\/noticia\/wp-json\/wp\/v2\/media?parent=88030"}],"wp:term":[{"taxonomy":"category","embeddable":true,"href":"https:\/\/www.redenoticia.com.br\/noticia\/wp-json\/wp\/v2\/categories?post=88030"},{"taxonomy":"post_tag","embeddable":true,"href":"https:\/\/www.redenoticia.com.br\/noticia\/wp-json\/wp\/v2\/tags?post=88030"}],"curies":[{"name":"wp","href":"https:\/\/api.w.org\/{rel}","templated":true}]}}