{"id":88028,"date":"2016-06-13T10:43:42","date_gmt":"2016-06-13T13:43:42","guid":{"rendered":"http:\/\/www.redenoticia.com.br\/noticia\/?p=88028"},"modified":"2016-06-10T23:44:51","modified_gmt":"2016-06-11T02:44:51","slug":"pesquisa-do-ipea-indica-que-jovens-sao-mais-afetados-pelo-desemprego","status":"publish","type":"post","link":"https:\/\/www.redenoticia.com.br\/noticia\/2016\/pesquisa-do-ipea-indica-que-jovens-sao-mais-afetados-pelo-desemprego\/88028","title":{"rendered":"Pesquisa do Ipea indica que jovens s\u00e3o mais afetados pelo desemprego"},"content":{"rendered":"<p> O aumento do <strong><em>desemprego entre os jovens<\/em><\/strong>, a perda de renda e o retrocesso da massa salarial s\u00e3o os destaques da Carta de Conjuntura sobre o mercado de trabalho, divulgada no Rio de Janeiro, pelo Grupo de Conjuntura (Gecon) do Instituto de Pesquisa Econ\u00f4mica Aplicada (Ipea). Esses s\u00e3o elementos importantes para an\u00e1lise da economia como um todo, disse \u00e0 Ag\u00eancia Brasil o coordenador do Gecon, Jos\u00e9 Ronaldo de Castro Souza J\u00fanior.<\/p>\n<p>De acordo com o documento, os jovens na faixa et\u00e1ria de 14 a 24 anos foram os mais afetados pelo desemprego no primeiro trimestre deste ano. Entre esses jovens, o desemprego subiu de 15,25% no quarto trimestre de 2014 para 20,89% no mesmo per\u00edodo de 2015, avan\u00e7ando entre janeiro e mar\u00e7o de 2016 para 26,36%. Entre os adultos at\u00e9 59 anos, o desemprego atingiu 7,91% no acumulado deste ano at\u00e9 mar\u00e7o.<\/p>\n<p>Para Souza J\u00fanior, tradicionalmente o desemprego entre os jovens \u00e9 maior que nas demais faixas et\u00e1rias. \u201cO aumento dos jovens foi muito pronunciado e est\u00e1 em um n\u00edvel extremamente elevado\u201d. Mais de um quarto da popula\u00e7\u00e3o jovem est\u00e1 procurando emprego, mas n\u00e3o encontra, afirmou o economista.<\/p>\n<p>Nem-nem<\/p>\n<p>Segundo ele, o mercado est\u00e1 contratando menos. \u201cContrata-se menos hoje do que antes. Quem sofre mais com isso s\u00e3o os jovens, que t\u00eam mais dificuldade em acessar o mercado de trabalho&#8221;. Souza J\u00fanior destacou que, em situa\u00e7\u00f5es de crise, o mercado costuma contratar pouco as pessoas jovens, porque n\u00e3o s\u00f3 desconhece o hist\u00f3rico de trabalho e por que elas t\u00eam menos experi\u00eancia.<\/p>\n<p>O documento do Ipea mostra que a taxa de ocupa\u00e7\u00e3o de jovens vem caindo desde 2013. O movimento observado entre os jovens \u00e9 que est\u00e3o deixando de ser ocupados para passar \u00e0 situa\u00e7\u00e3o de desempregados. No terceiro trimestre de 2012, a taxa de jovens ocupados atingiu o pico de 44%, caindo para 37% no primeiro trimestre de 2016, enquanto os jovens desocupados, que eram 8% at\u00e9 2015, subiram para 12,2% este ano. Entre aqueles denominados \u201cnem-nem\u201d, que nem estudam, nem trabalham, a taxa permaneceu est\u00e1vel em 13%.<\/p>\n<p>Regi\u00f5es<\/p>\n<p>A Carta de Conjuntura confirma que o maior desemprego (12,80%) no primeiro trimestre deste ano \u00e9 registrado no Nordeste, seguido pelo Sudeste (11,38%) e pelo Norte (10,48%). O desemprego atinge mais as mulheres (12,75%) que os homens (9,48%). Entre os que n\u00e3o s\u00e3o chefes de fam\u00edlia, chega a 15% e entre os que s\u00e3o a 6,07%. O percentual de desempregados com ensino m\u00e9dio incompleto \u00e9 de 14,95%.<\/p>\n<p>O coordenador destacou que, embora a Regi\u00e3o Sul do pa\u00eds mostre uma taxa de desemprego ainda menor, ela apresentou a maior alta. Passou de 3,77%, no quarto trimestre de 2014, para 7,35% em 2016. \u201cO aumento do desemprego no Sul foi muito expressivo\u201d. O Sudeste tamb\u00e9m aumentou de forma consider\u00e1vel, mais do que o Norte e Nordeste. O desemprego registrou taxa de 6,60% no Sudeste do pa\u00eds no fim de 2014.<\/p>\n<p>Empregos formais<\/p>\n<p>O primeiro trimestre de 2016 foi marcado pelo fechamento de 323 mil postos com carteira assinada, contra 65 mil no ano passado. \u201cA situa\u00e7\u00e3o, que j\u00e1 estava ruim no ano passado, este ano est\u00e1 mais grave\u201d. Conforme o economista, o com\u00e9rcio, com 167,2 mil vagas perdidas no per\u00edodo analisado, come\u00e7ou a demitir agora, enquanto a ind\u00fastria, que fechou 67,5 mil postos formais, \u201cj\u00e1 vem mandando embora h\u00e1 algum tempo, em n\u00edvel bastante elevado\u201d.<\/p>\n<p>O destaque ficou com o segmento industrial da constru\u00e7\u00e3o civil, com fechamento de 43,9 mil vagas com carteira. Souza J\u00fanior informou que a ind\u00fastria da transforma\u00e7\u00e3o tamb\u00e9m vem demitindo trabalhadores. A diferen\u00e7a \u00e9 que nesta a perda salarial \u00e9 menor, porque os empregados t\u00eam, em m\u00e9dia, maior qualifica\u00e7\u00e3o e sindicatos mais organizados e fortes. No setor de servi\u00e7os, foram perdidos mais de 45 mil postos formais.<\/p>\n<p>Rendimento<\/p>\n<p>O rendimento m\u00e9dio do trabalho no primeiro trimestre de 2016 alcan\u00e7ou R$ 1.974, inferior a R$ 2.040 registrado no fim de 2014 e in\u00edcio de 2015.<\/p>\n<p>De acordo com o boletim do Ipea, \u201ca queda generalizada nos rendimentos, somada \u00e0 queda na ocupa\u00e7\u00e3o, fizeram com que, entre fevereiro e abril de 2016, a massa salarial chegasse a R$ 173 bilh\u00f5es (considerando reais de mar\u00e7o), mesmo patamar em que se encontrava h\u00e1 tr\u00eas anos\u201d.<\/p>\n<p>A taxa de crescimento anual do rendimento real m\u00e9dio caiu 3,3% no primeiro trimestre de 2016, seguindo tend\u00eancia observada desde 2015. A retra\u00e7\u00e3o foi observada em diferentes setores, mas mostrou maiores perdas nos setores com menor qualifica\u00e7\u00e3o, como constru\u00e7\u00e3o civil e com\u00e9rcio e entre os trabalhadores que recebem menos de um sal\u00e1rio m\u00ednimo.<\/p>\n<p>O coordenador do Gecon disse ainda que a taxa de crescimento anual da massa salarial iniciou trajet\u00f3ria declinante em meados de 2015, atingindo queda de 4,3% no trimestre janeiro\/mar\u00e7o deste ano.<\/p>\n<p>Alana Gandra &#8211; Rep\u00f3rter da Ag\u00eancia Brasil<br \/>\nEdi\u00e7\u00e3o: Armando Cardoso<br \/>\n13\/06\/2016<\/p>\n","protected":false},"excerpt":{"rendered":"<p>O aumento do desemprego entre os jovens, a perda de renda e o retrocesso da massa salarial s\u00e3o os destaques da Carta de Conjuntura sobre o mercado de trabalho, divulgada no Rio de Janeiro, pelo Grupo de Conjuntura (Gecon) do Instituto de Pesquisa Econ\u00f4mica Aplicada (Ipea). Esses s\u00e3o elementos importantes para an\u00e1lise da economia como [&hellip;]<\/p>\n","protected":false},"author":2,"featured_media":57577,"comment_status":"open","ping_status":"closed","sticky":false,"template":"","format":"standard","meta":{"_genesis_hide_title":false,"_genesis_hide_breadcrumbs":false,"_genesis_hide_singular_image":false,"_genesis_hide_footer_widgets":false,"_genesis_custom_body_class":"","_genesis_custom_post_class":"","_genesis_layout":"","_jetpack_memberships_contains_paid_content":false,"footnotes":""},"categories":[22,7],"tags":[],"class_list":{"0":"post-88028","1":"post","2":"type-post","3":"status-publish","4":"format-standard","5":"has-post-thumbnail","7":"category-brasil","8":"category-economia","9":"entry","10":"gs-1","11":"gs-odd","12":"gs-even","13":"gs-featured-content-entry"},"jetpack_featured_media_url":"https:\/\/www.redenoticia.com.br\/noticia\/imagens\/tecnologia-inscricao.jpg","jetpack_sharing_enabled":true,"jetpack_likes_enabled":true,"_links":{"self":[{"href":"https:\/\/www.redenoticia.com.br\/noticia\/wp-json\/wp\/v2\/posts\/88028","targetHints":{"allow":["GET"]}}],"collection":[{"href":"https:\/\/www.redenoticia.com.br\/noticia\/wp-json\/wp\/v2\/posts"}],"about":[{"href":"https:\/\/www.redenoticia.com.br\/noticia\/wp-json\/wp\/v2\/types\/post"}],"author":[{"embeddable":true,"href":"https:\/\/www.redenoticia.com.br\/noticia\/wp-json\/wp\/v2\/users\/2"}],"replies":[{"embeddable":true,"href":"https:\/\/www.redenoticia.com.br\/noticia\/wp-json\/wp\/v2\/comments?post=88028"}],"version-history":[{"count":0,"href":"https:\/\/www.redenoticia.com.br\/noticia\/wp-json\/wp\/v2\/posts\/88028\/revisions"}],"wp:featuredmedia":[{"embeddable":true,"href":"https:\/\/www.redenoticia.com.br\/noticia\/wp-json\/wp\/v2\/media\/57577"}],"wp:attachment":[{"href":"https:\/\/www.redenoticia.com.br\/noticia\/wp-json\/wp\/v2\/media?parent=88028"}],"wp:term":[{"taxonomy":"category","embeddable":true,"href":"https:\/\/www.redenoticia.com.br\/noticia\/wp-json\/wp\/v2\/categories?post=88028"},{"taxonomy":"post_tag","embeddable":true,"href":"https:\/\/www.redenoticia.com.br\/noticia\/wp-json\/wp\/v2\/tags?post=88028"}],"curies":[{"name":"wp","href":"https:\/\/api.w.org\/{rel}","templated":true}]}}