{"id":88026,"date":"2016-06-13T10:42:40","date_gmt":"2016-06-13T13:42:40","guid":{"rendered":"http:\/\/www.redenoticia.com.br\/noticia\/?p=88026"},"modified":"2016-06-10T23:43:36","modified_gmt":"2016-06-11T02:43:36","slug":"intencao-de-investimentos-na-industria-tem-primeira-alta-desde-2013","status":"publish","type":"post","link":"https:\/\/www.redenoticia.com.br\/noticia\/2016\/intencao-de-investimentos-na-industria-tem-primeira-alta-desde-2013\/88026","title":{"rendered":"Inten\u00e7\u00e3o de investimentos na ind\u00fastria tem primeira alta desde 2013"},"content":{"rendered":"<p> Ap\u00f3s atingir o menor n\u00edvel de s\u00e9rie hist\u00f3rica no primeiro trimestre deste ano (81,9 pontos), o <strong><em>Indicador de Inten\u00e7\u00e3o de Investimentos da Ind\u00fastria<\/em><\/strong> subiu 0,6 ponto agora no segundo trimestre, comparativamente ao trimestre imediatamente anterior, indo a 82,5 pontos.<\/p>\n<p>Os dados do Indicador de Inten\u00e7\u00e3o de Investimentos fazem parte da pesquisa Sondagem de Investimentos e foram divulgados pelo Instituto Brasileiro de Economia, da Funda\u00e7\u00e3o Getulio Vargas (FGV). Eles medem a dissemina\u00e7\u00e3o do \u00edmpeto de investimento entre as empresas industriais, colaborando para antecipar tend\u00eancias econ\u00f4micas.<\/p>\n<p>Na avalia\u00e7\u00e3o do superintendente adjunto para Ciclos Econ\u00f4micos da FGV, Aloisio Campelo Jr., o resultado sugere que as taxas de inten\u00e7\u00e3o de investimentos j\u00e1 ultrapassam o seu pior momento. Para ele, \u201cembora discreta\u201d, esta primeira alta do indicador desde o terceiro trimestre de 2013, \u00e9 \u201cuma boa not\u00edcia\u201d.<\/p>\n<p>\u201cAssim como ocorre com os indicadores de confian\u00e7a, o resultado sugere que as taxas de crescimento do investimento j\u00e1 passaram por seu pior momento e podem, gradualmente, se tornar menos negativas daqui por diante\u201d, avaliou.<\/p>\n<p>Para ele, no entanto, \u201ch\u00e1 que se considerar o elevado grau de incerteza contido nas expectativas dos empres\u00e1rios atualmente, tanto na defini\u00e7\u00e3o dos valores a serem investidos quanto nas avalia\u00e7\u00f5es de risco de que o programa atual n\u00e3o seja cumprido conforme originalmente planejado.\u201d<\/p>\n<p>Na avalia\u00e7\u00e3o da FGV, quando o Indicador de Inten\u00e7\u00e3o de Investimentos fica abaixo de 100 pontos significa que h\u00e1 mais empresas prevendo diminuir que aumentar investimentos nos 12 meses seguintes. \u201cNo segundo trimestre de 2016, 16,2% das empresas est\u00e3o prevendo investir mais nos 12 meses seguintes, e 33,7% tencionando investir menos. No trimestre anterior, esses percentuais haviam sido de 16,7% e 34,8%, respectivamente\u201d, ressalta na publica\u00e7\u00e3o a entidade.<\/p>\n<p>Certezas e Incertezas<\/p>\n<p>Nas avalia\u00e7\u00f5es da FGV contidas na publica\u00e7\u00e3o Sondagem de Investimentos, h\u00e1 a interpreta\u00e7\u00e3o de que existe hoje, no setor industrial, mais empresas incertas (39,1%) que certas (31,8%) em rela\u00e7\u00e3o \u00e0 execu\u00e7\u00e3o de seus programas de investimentos nos pr\u00f3ximos 12 meses, um saldo de -7,3 pontos.<\/p>\n<p>O percentual de 31,8% de empresas certas quanto \u00e0 possibilidade de investimentos foi o menor percentual sobre a execu\u00e7\u00f5es dos investimentos e, paralelamente, o maior de empresas incertas desde o in\u00edcio deste quesito, no 4\u00ba trimestre de 2014.<\/p>\n<p>Para a FGV, o resultado decorre das incertezas em rela\u00e7\u00e3o aos cen\u00e1rios econ\u00f4micos e pol\u00edticos do pa\u00eds, e lan\u00e7a d\u00favidas quanto \u00e0 efetiva evolu\u00e7\u00e3o dos investimentos planejados nos pr\u00f3ximos meses.<br \/>\nA edi\u00e7\u00e3o do segundo trimestre de 2016 da Sondagem de Investimentos coletou informa\u00e7\u00f5es de 784 empresas entre 4 de abril e 31 de maio.<\/p>\n<p>Nielmar de Oliveira &#8211; Rep\u00f3rter da Ag\u00eancia Brasil<br \/>\nEdi\u00e7\u00e3o: Kleber Sampaio<br \/>\n13\/06\/2016<\/p>\n","protected":false},"excerpt":{"rendered":"<p>Ap\u00f3s atingir o menor n\u00edvel de s\u00e9rie hist\u00f3rica no primeiro trimestre deste ano (81,9 pontos), o Indicador de Inten\u00e7\u00e3o de Investimentos da Ind\u00fastria subiu 0,6 ponto agora no segundo trimestre, comparativamente ao trimestre imediatamente anterior, indo a 82,5 pontos. Os dados do Indicador de Inten\u00e7\u00e3o de Investimentos fazem parte da pesquisa Sondagem de Investimentos e [&hellip;]<\/p>\n","protected":false},"author":2,"featured_media":57585,"comment_status":"open","ping_status":"closed","sticky":false,"template":"","format":"standard","meta":{"_genesis_hide_title":false,"_genesis_hide_breadcrumbs":false,"_genesis_hide_singular_image":false,"_genesis_hide_footer_widgets":false,"_genesis_custom_body_class":"","_genesis_custom_post_class":"","_genesis_layout":"","_jetpack_memberships_contains_paid_content":false,"footnotes":""},"categories":[22,7],"tags":[],"class_list":{"0":"post-88026","1":"post","2":"type-post","3":"status-publish","4":"format-standard","5":"has-post-thumbnail","7":"category-brasil","8":"category-economia","9":"entry","10":"gs-1","11":"gs-odd","12":"gs-even","13":"gs-featured-content-entry"},"jetpack_featured_media_url":"https:\/\/www.redenoticia.com.br\/noticia\/imagens\/analise-economia.jpg","jetpack_sharing_enabled":true,"jetpack_likes_enabled":true,"_links":{"self":[{"href":"https:\/\/www.redenoticia.com.br\/noticia\/wp-json\/wp\/v2\/posts\/88026","targetHints":{"allow":["GET"]}}],"collection":[{"href":"https:\/\/www.redenoticia.com.br\/noticia\/wp-json\/wp\/v2\/posts"}],"about":[{"href":"https:\/\/www.redenoticia.com.br\/noticia\/wp-json\/wp\/v2\/types\/post"}],"author":[{"embeddable":true,"href":"https:\/\/www.redenoticia.com.br\/noticia\/wp-json\/wp\/v2\/users\/2"}],"replies":[{"embeddable":true,"href":"https:\/\/www.redenoticia.com.br\/noticia\/wp-json\/wp\/v2\/comments?post=88026"}],"version-history":[{"count":0,"href":"https:\/\/www.redenoticia.com.br\/noticia\/wp-json\/wp\/v2\/posts\/88026\/revisions"}],"wp:featuredmedia":[{"embeddable":true,"href":"https:\/\/www.redenoticia.com.br\/noticia\/wp-json\/wp\/v2\/media\/57585"}],"wp:attachment":[{"href":"https:\/\/www.redenoticia.com.br\/noticia\/wp-json\/wp\/v2\/media?parent=88026"}],"wp:term":[{"taxonomy":"category","embeddable":true,"href":"https:\/\/www.redenoticia.com.br\/noticia\/wp-json\/wp\/v2\/categories?post=88026"},{"taxonomy":"post_tag","embeddable":true,"href":"https:\/\/www.redenoticia.com.br\/noticia\/wp-json\/wp\/v2\/tags?post=88026"}],"curies":[{"name":"wp","href":"https:\/\/api.w.org\/{rel}","templated":true}]}}