{"id":88024,"date":"2016-06-13T10:41:00","date_gmt":"2016-06-13T13:41:00","guid":{"rendered":"http:\/\/www.redenoticia.com.br\/noticia\/?p=88024"},"modified":"2016-06-10T23:42:36","modified_gmt":"2016-06-11T02:42:36","slug":"inflacao-medida-pela-fipe-inicia-junho-em-queda","status":"publish","type":"post","link":"https:\/\/www.redenoticia.com.br\/noticia\/2016\/inflacao-medida-pela-fipe-inicia-junho-em-queda\/88024","title":{"rendered":"Infla\u00e7\u00e3o medida pela Fipe inicia junho em queda"},"content":{"rendered":"<p> O <strong><em>\u00cdndice de Pre\u00e7os ao Consumidor<\/em><\/strong> (IPC), medido pela Funda\u00e7\u00e3o Instituto de Pesquisas Econ\u00f4micas (Fipe) na cidade de S\u00e3o Paulo, iniciou junho com varia\u00e7\u00e3o de 0,4%, taxa inferior \u00e0 do fechamento de maio (0,57%). Dos sete grupos pesquisados, apenas o de habita\u00e7\u00e3o apresentou aumento no ritmo de corre\u00e7\u00e3o, ao passar de uma alta de 0,51% para 0,54%.<\/p>\n<p>Em transportes, o \u00edndice manteve-se em queda de 0,51%, mas indicando um movimento de recupera\u00e7\u00e3o dos pre\u00e7os porque na apura\u00e7\u00e3o anterior havia recuado de forma mais expressiva ( -0,61%). Entre os grupos que mais contribu\u00edram para a desacelera\u00e7\u00e3o do IPC est\u00e1 o de alimenta\u00e7\u00e3o (de 0,73% para 0,26%).<\/p>\n<p>Em despesas pessoais, que tem pressionando bastante o bolso do consumidor, a taxa variou de 1,3% para 1,1%. No grupo sa\u00fade, o \u00edndice desacelerou de 1,53% para 1,07%; em vestu\u00e1rio, de 0,86% para 0,41%, e em educa\u00e7\u00e3o, de 0,19% para 0,14%.<\/p>\n<p>Marli Moreira &#8211; Rep\u00f3rter da Ag\u00eancia Brasil<br \/>\nEdi\u00e7\u00e3o: Gra\u00e7a Adjuto<br \/>\n13\/06\/2016<br \/>\n&#8212;<br \/>\nA Empresa Brasil de Comunica\u00e7\u00e3o \u00e9 uma institui\u00e7\u00e3o da democracia brasileira: p\u00fablica, inclusiva e cidad\u00e3.  Criada em 2007 para fortalecer o sistema p\u00fablico de comunica\u00e7\u00e3o, \u00e9 gestora dos canais TV Brasil, TV Brasil Internacional, Ag\u00eancia Brasil, Radioag\u00eancia Nacional e do sistema p\u00fablico de R\u00e1dio \u2013 composto por oito emissoras. Estes, por sua independ\u00eancia editorial, distinguem-se dos canais estatais ou governamentais, com conte\u00fados diferenciados e complementares aos canais privados. Os ve\u00edculos da EBC t\u00eam autonomia para definir produ\u00e7\u00e3o, programa\u00e7\u00e3o e distribui\u00e7\u00e3o de conte\u00fados.<\/p>\n","protected":false},"excerpt":{"rendered":"<p>O \u00cdndice de Pre\u00e7os ao Consumidor (IPC), medido pela Funda\u00e7\u00e3o Instituto de Pesquisas Econ\u00f4micas (Fipe) na cidade de S\u00e3o Paulo, iniciou junho com varia\u00e7\u00e3o de 0,4%, taxa inferior \u00e0 do fechamento de maio (0,57%). Dos sete grupos pesquisados, apenas o de habita\u00e7\u00e3o apresentou aumento no ritmo de corre\u00e7\u00e3o, ao passar de uma alta de 0,51% [&hellip;]<\/p>\n","protected":false},"author":2,"featured_media":57584,"comment_status":"open","ping_status":"closed","sticky":false,"template":"","format":"standard","meta":{"_genesis_hide_title":false,"_genesis_hide_breadcrumbs":false,"_genesis_hide_singular_image":false,"_genesis_hide_footer_widgets":false,"_genesis_custom_body_class":"","_genesis_custom_post_class":"","_genesis_layout":"","_jetpack_memberships_contains_paid_content":false,"footnotes":""},"categories":[22,7],"tags":[],"class_list":{"0":"post-88024","1":"post","2":"type-post","3":"status-publish","4":"format-standard","5":"has-post-thumbnail","7":"category-brasil","8":"category-economia","9":"entry","10":"gs-1","11":"gs-odd","12":"gs-even","13":"gs-featured-content-entry"},"jetpack_featured_media_url":"https:\/\/www.redenoticia.com.br\/noticia\/imagens\/economia-grafica-analise-inflacao.jpg","jetpack_sharing_enabled":true,"jetpack_likes_enabled":true,"_links":{"self":[{"href":"https:\/\/www.redenoticia.com.br\/noticia\/wp-json\/wp\/v2\/posts\/88024","targetHints":{"allow":["GET"]}}],"collection":[{"href":"https:\/\/www.redenoticia.com.br\/noticia\/wp-json\/wp\/v2\/posts"}],"about":[{"href":"https:\/\/www.redenoticia.com.br\/noticia\/wp-json\/wp\/v2\/types\/post"}],"author":[{"embeddable":true,"href":"https:\/\/www.redenoticia.com.br\/noticia\/wp-json\/wp\/v2\/users\/2"}],"replies":[{"embeddable":true,"href":"https:\/\/www.redenoticia.com.br\/noticia\/wp-json\/wp\/v2\/comments?post=88024"}],"version-history":[{"count":0,"href":"https:\/\/www.redenoticia.com.br\/noticia\/wp-json\/wp\/v2\/posts\/88024\/revisions"}],"wp:featuredmedia":[{"embeddable":true,"href":"https:\/\/www.redenoticia.com.br\/noticia\/wp-json\/wp\/v2\/media\/57584"}],"wp:attachment":[{"href":"https:\/\/www.redenoticia.com.br\/noticia\/wp-json\/wp\/v2\/media?parent=88024"}],"wp:term":[{"taxonomy":"category","embeddable":true,"href":"https:\/\/www.redenoticia.com.br\/noticia\/wp-json\/wp\/v2\/categories?post=88024"},{"taxonomy":"post_tag","embeddable":true,"href":"https:\/\/www.redenoticia.com.br\/noticia\/wp-json\/wp\/v2\/tags?post=88024"}],"curies":[{"name":"wp","href":"https:\/\/api.w.org\/{rel}","templated":true}]}}