{"id":88020,"date":"2016-06-13T10:38:57","date_gmt":"2016-06-13T13:38:57","guid":{"rendered":"http:\/\/www.redenoticia.com.br\/noticia\/?p=88020"},"modified":"2016-06-10T23:39:55","modified_gmt":"2016-06-11T02:39:55","slug":"tcu-divulga-lista-com-nomes-de-67-mil-pessoas-inelegiveis","status":"publish","type":"post","link":"https:\/\/www.redenoticia.com.br\/noticia\/2016\/tcu-divulga-lista-com-nomes-de-67-mil-pessoas-inelegiveis\/88020","title":{"rendered":"TCU divulga lista com nomes de 6,7 mil pessoas ineleg\u00edveis"},"content":{"rendered":"<p> O Tribunal de Contas da Uni\u00e3o (TCU) divulgou a lista de 6,7 mil respons\u00e1veis com contas julgadas irregulares. Com base nas informa\u00e7\u00f5es, a Justi\u00e7a Eleitoral poder\u00e1 barrar a candidatura de quem estiver na lista nas <strong><em>elei\u00e7\u00f5es municipais<\/em><\/strong> de outubro, porque os eventuais candidatos s\u00e3o considerados ineleg\u00edveis.<\/p>\n<p>Os  foram entregues pelo presidente do TCU, Aroldo Cedraz, ao presidente do Tribunal Superior Eleitoral (TSE), Gilmar Mendes. A rela\u00e7\u00e3o abrange as decis\u00f5es tomadas a partir de outubro de 2008 at\u00e9 a data da elei\u00e7\u00e3o. O eventual candidato s\u00f3 conseguir\u00e1 participar do pleito se conseguir uma liminar na Justi\u00e7a.<\/p>\n<p>De acordo com a Lei de Inelegibilidades (LC 64\/1990), conhecida como Lei da Ficha Limpa, quem exerceu cargo ou fun\u00e7\u00e3o p\u00fablica, teve as contas de sua gest\u00e3o rejeitadas e n\u00e3o h\u00e1 mais como recorrer da decis\u00e3o n\u00e3o pode se candidatar a cargo eletivo nas elei\u00e7\u00f5es que ocorrerem nos oito anos seguintes ap\u00f3s a data da decis\u00e3o final.<\/p>\n<p>A lista dos respons\u00e1veis considerados ineleg\u00edveis pode ser acessada no  do TCU.<\/p>\n<p>Da Ag\u00eancia Brasil<br \/>\nEdi\u00e7\u00e3o: Armando Cardoso<br \/>\n13\/06\/2016<\/p>\n","protected":false},"excerpt":{"rendered":"<p>O Tribunal de Contas da Uni\u00e3o (TCU) divulgou a lista de 6,7 mil respons\u00e1veis com contas julgadas irregulares. Com base nas informa\u00e7\u00f5es, a Justi\u00e7a Eleitoral poder\u00e1 barrar a candidatura de quem estiver na lista nas elei\u00e7\u00f5es municipais de outubro, porque os eventuais candidatos s\u00e3o considerados ineleg\u00edveis. Os foram entregues pelo presidente do TCU, Aroldo Cedraz, [&hellip;]<\/p>\n","protected":false},"author":2,"featured_media":39956,"comment_status":"open","ping_status":"closed","sticky":false,"template":"","format":"standard","meta":{"_genesis_hide_title":false,"_genesis_hide_breadcrumbs":false,"_genesis_hide_singular_image":false,"_genesis_hide_footer_widgets":false,"_genesis_custom_body_class":"","_genesis_custom_post_class":"","_genesis_layout":"","_jetpack_memberships_contains_paid_content":false,"footnotes":""},"categories":[22],"tags":[],"class_list":{"0":"post-88020","1":"post","2":"type-post","3":"status-publish","4":"format-standard","5":"has-post-thumbnail","7":"category-brasil","8":"entry","9":"gs-1","10":"gs-odd","11":"gs-even","12":"gs-featured-content-entry"},"jetpack_featured_media_url":"https:\/\/www.redenoticia.com.br\/noticia\/imagens\/eleicao-voto-campanha-eleitoral-resultado.jpg","jetpack_sharing_enabled":true,"jetpack_likes_enabled":true,"_links":{"self":[{"href":"https:\/\/www.redenoticia.com.br\/noticia\/wp-json\/wp\/v2\/posts\/88020","targetHints":{"allow":["GET"]}}],"collection":[{"href":"https:\/\/www.redenoticia.com.br\/noticia\/wp-json\/wp\/v2\/posts"}],"about":[{"href":"https:\/\/www.redenoticia.com.br\/noticia\/wp-json\/wp\/v2\/types\/post"}],"author":[{"embeddable":true,"href":"https:\/\/www.redenoticia.com.br\/noticia\/wp-json\/wp\/v2\/users\/2"}],"replies":[{"embeddable":true,"href":"https:\/\/www.redenoticia.com.br\/noticia\/wp-json\/wp\/v2\/comments?post=88020"}],"version-history":[{"count":0,"href":"https:\/\/www.redenoticia.com.br\/noticia\/wp-json\/wp\/v2\/posts\/88020\/revisions"}],"wp:featuredmedia":[{"embeddable":true,"href":"https:\/\/www.redenoticia.com.br\/noticia\/wp-json\/wp\/v2\/media\/39956"}],"wp:attachment":[{"href":"https:\/\/www.redenoticia.com.br\/noticia\/wp-json\/wp\/v2\/media?parent=88020"}],"wp:term":[{"taxonomy":"category","embeddable":true,"href":"https:\/\/www.redenoticia.com.br\/noticia\/wp-json\/wp\/v2\/categories?post=88020"},{"taxonomy":"post_tag","embeddable":true,"href":"https:\/\/www.redenoticia.com.br\/noticia\/wp-json\/wp\/v2\/tags?post=88020"}],"curies":[{"name":"wp","href":"https:\/\/api.w.org\/{rel}","templated":true}]}}