{"id":87909,"date":"2016-06-10T10:19:10","date_gmt":"2016-06-10T13:19:10","guid":{"rendered":"http:\/\/www.redenoticia.com.br\/noticia\/?p=87909"},"modified":"2016-06-09T17:04:41","modified_gmt":"2016-06-09T20:04:41","slug":"capacidade-de-armazenagem-agricola-cresce-33","status":"publish","type":"post","link":"https:\/\/www.redenoticia.com.br\/noticia\/2016\/capacidade-de-armazenagem-agricola-cresce-33\/87909","title":{"rendered":"Capacidade de armazenagem agr\u00edcola cresce 3,3%"},"content":{"rendered":"<p> A <strong><em>capacidade de armazenamento<\/em><\/strong> no Brasil aumentou 3,3% do primeiro para o segundo semestre de 2015, com 166,1 milh\u00f5es de toneladas. Os dados s\u00e3o da Pesquisa de Estoques referentes ao segundo semestre de 2015, divulgados pelo Instituto Brasileiro de Geografia e Estat\u00edstica (IBGE).<\/p>\n<p>No segundo semestre do ano passado, houve um acr\u00e9scimo de 0,8% no n\u00famero de estabelecimentos ativos, passando de 7.858 para 7.918 do primeiro para o segundo semestre. Enquanto na regi\u00e3o Centro-Oeste &#8211; a que mais aumentou a capacidade de estocagem &#8211; o n\u00famero de estabelecimentos ativos cresceu 3,7% entre um semestre e outro, na regi\u00e3o Nordeste foi registrada a menor queda no total de estabelecimentos ativos: -1,2%.<\/p>\n<p>Predomin\u00e2ncia de silos<\/p>\n<p>Em termos de capacidade \u00fatil armazen\u00e1vel, os silos continuam predominantes, tendo alcan\u00e7ado no segundo semestre de 2015 72,4 milh\u00f5es de toneladas, um crescimento de 3,3% em rela\u00e7\u00e3o ao primeiro semestre.<\/p>\n<p>Em seguida, v\u00eam os armaz\u00e9ns graneleiros e generalizados, que aumentaram no per\u00edodo 5,9%, atingindo 63,2 milh\u00f5es de toneladas de capacidade \u00fatil armazen\u00e1vel. J\u00e1 os armaz\u00e9ns convencionais, estruturais e infl\u00e1veis acusaram queda de 1,8%, com 30,5 milh\u00f5es de toneladas.<\/p>\n<p>Por produtos<\/p>\n<p>Com aumento de 2,6% na capacidade de estocagem e 3,2 milh\u00f5es de toneladas estocadas em 2015, a soja em gr\u00e3o foi o \u00fanico produto que expandiu essa capacidade. Na avalia\u00e7\u00e3o do IBGE, esta quantidade, no entanto, representa muito pouco frente \u00e0 produ\u00e7\u00e3o nacional de soja, que atingiu em 2015 o recorde de 97 milh\u00f5es de toneladas. Este comportamento \u00e9 considerado normal para a data de 31 de dezembro, j\u00e1 com a proximidade da nova colheita.<\/p>\n<p>J\u00e1 o milho em gr\u00e3o foi o produto que fechou dezembro do ano passado com o maior volume estocado: 10,1 milh\u00f5es de toneladas. Ainda assim, houve queda em volume de 9,5% em compara\u00e7\u00e3o com o fechamento de 2014. Segundo o IBGE, esta redu\u00e7\u00e3o no volume estocado est\u00e1 diretamente relacionada ao aumento das exporta\u00e7\u00f5es.<\/p>\n<p>Outro importante produto, o trigo em gr\u00e3o foi o que obteve a maior redu\u00e7\u00e3o percentual no volume estocado. Fechou o ano com os estoques em queda de 25,1%, com apenas 4,4 milh\u00f5es de toneladas. Segundo o IBGE, esta diminui\u00e7\u00e3o decorre do excesso de chuvas nas lavouras da regi\u00e3o Sul, que concentra cerca de 90% da produ\u00e7\u00e3o nacional.<\/p>\n<p>O volume estocado de arroz (em casca) foi de 1,9 milh\u00e3o de toneladas, uma redu\u00e7\u00e3o de 9,5%. A produ\u00e7\u00e3o nacional atingiu 12,3 milh\u00f5es de toneladas, praticamente a mesma do ano anterior. Os estoques baixos tamb\u00e9m s\u00e3o normais na data de refer\u00eancia da pesquisa (31\/12) pelo mesmo motivo da soja.<\/p>\n<p>O caf\u00e9 total (em gr\u00e3o) apresentou mais uma redu\u00e7\u00e3o nos estoques: 16,7%. O estoque no final do ano passado era de 1,1 milh\u00e3o de tonelada. \u201cA seca que afetou a produ\u00e7\u00e3o brasileira de caf\u00e9 nos \u00faltimos anos reduziu os estoques do gr\u00e3o\u201d, justificou o IBGE.<\/p>\n<p>Nielmar de Oliveira &#8211; Rep\u00f3rter da Ag\u00eancia Brasil<br \/>\nEdi\u00e7\u00e3o: Kleber Sampaio<br \/>\n10\/06\/2016<\/p>\n","protected":false},"excerpt":{"rendered":"<p>A capacidade de armazenamento no Brasil aumentou 3,3% do primeiro para o segundo semestre de 2015, com 166,1 milh\u00f5es de toneladas. Os dados s\u00e3o da Pesquisa de Estoques referentes ao segundo semestre de 2015, divulgados pelo Instituto Brasileiro de Geografia e Estat\u00edstica (IBGE). No segundo semestre do ano passado, houve um acr\u00e9scimo de 0,8% no [&hellip;]<\/p>\n","protected":false},"author":2,"featured_media":57584,"comment_status":"open","ping_status":"closed","sticky":false,"template":"","format":"standard","meta":{"_genesis_hide_title":false,"_genesis_hide_breadcrumbs":false,"_genesis_hide_singular_image":false,"_genesis_hide_footer_widgets":false,"_genesis_custom_body_class":"","_genesis_custom_post_class":"","_genesis_layout":"","_jetpack_memberships_contains_paid_content":false,"footnotes":""},"categories":[22,7],"tags":[],"class_list":{"0":"post-87909","1":"post","2":"type-post","3":"status-publish","4":"format-standard","5":"has-post-thumbnail","7":"category-brasil","8":"category-economia","9":"entry","10":"gs-1","11":"gs-odd","12":"gs-even","13":"gs-featured-content-entry"},"jetpack_featured_media_url":"https:\/\/www.redenoticia.com.br\/noticia\/imagens\/economia-grafica-analise-inflacao.jpg","jetpack_sharing_enabled":true,"jetpack_likes_enabled":true,"_links":{"self":[{"href":"https:\/\/www.redenoticia.com.br\/noticia\/wp-json\/wp\/v2\/posts\/87909","targetHints":{"allow":["GET"]}}],"collection":[{"href":"https:\/\/www.redenoticia.com.br\/noticia\/wp-json\/wp\/v2\/posts"}],"about":[{"href":"https:\/\/www.redenoticia.com.br\/noticia\/wp-json\/wp\/v2\/types\/post"}],"author":[{"embeddable":true,"href":"https:\/\/www.redenoticia.com.br\/noticia\/wp-json\/wp\/v2\/users\/2"}],"replies":[{"embeddable":true,"href":"https:\/\/www.redenoticia.com.br\/noticia\/wp-json\/wp\/v2\/comments?post=87909"}],"version-history":[{"count":0,"href":"https:\/\/www.redenoticia.com.br\/noticia\/wp-json\/wp\/v2\/posts\/87909\/revisions"}],"wp:featuredmedia":[{"embeddable":true,"href":"https:\/\/www.redenoticia.com.br\/noticia\/wp-json\/wp\/v2\/media\/57584"}],"wp:attachment":[{"href":"https:\/\/www.redenoticia.com.br\/noticia\/wp-json\/wp\/v2\/media?parent=87909"}],"wp:term":[{"taxonomy":"category","embeddable":true,"href":"https:\/\/www.redenoticia.com.br\/noticia\/wp-json\/wp\/v2\/categories?post=87909"},{"taxonomy":"post_tag","embeddable":true,"href":"https:\/\/www.redenoticia.com.br\/noticia\/wp-json\/wp\/v2\/tags?post=87909"}],"curies":[{"name":"wp","href":"https:\/\/api.w.org\/{rel}","templated":true}]}}