{"id":87905,"date":"2016-06-10T10:16:27","date_gmt":"2016-06-10T13:16:27","guid":{"rendered":"http:\/\/www.redenoticia.com.br\/noticia\/?p=87905"},"modified":"2016-06-09T17:01:35","modified_gmt":"2016-06-09T20:01:35","slug":"conab-estima-queda-de-54-na-safra-de-graos","status":"publish","type":"post","link":"https:\/\/www.redenoticia.com.br\/noticia\/2016\/conab-estima-queda-de-54-na-safra-de-graos\/87905","title":{"rendered":"Conab estima queda de 5,4% na safra de gr\u00e3os"},"content":{"rendered":"<p> A produ\u00e7\u00e3o brasileira de gr\u00e3os deve chegar a 196,5 milh\u00f5es de toneladas na <strong><em>safra 2015\/2016<\/em><\/strong>. O volume representa uma redu\u00e7\u00e3o de 5,4%, ou 11,2 milh\u00f5es de toneladas a menos do que a safra anterior, que foi de 207,7 milh\u00f5es. As estimativas est\u00e3o no nono levantamento da safra, divulgado pela Companhia Nacional de Abastecimento (Conab).<\/p>\n<p>Segundo a Conab, o resultado se deve \u00e0s estiagens prolongadas e altas temperaturas que prejudicaram a primeira e segunda safras do milho durante o ciclo vegetativo. A primeira safra, com uma produ\u00e7\u00e3o de 26,2 milh\u00f5es de toneladas, sofreu uma queda de 3,9 milh\u00f5es. J\u00e1 a segunda safra, que come\u00e7a a ser colhida em junho, tem previs\u00e3o de 50 milh\u00f5es, o que representa recuo de 4,6 milh\u00f5es. No total, a produ\u00e7\u00e3o nacional de milho dever\u00e1 ser de 76,2 milh\u00f5es de toneladas contra 84,6 milh\u00f5es da safra 2014\/2015.<\/p>\n<p> J\u00e1 a soja, respons\u00e1vel por 48,7% da produ\u00e7\u00e3o nacional de gr\u00e3os, mesmo afetada pelo clima, registrar\u00e1 produ\u00e7\u00e3o de 95,6 milh\u00f5es de toneladas, 0,6% menos que na safra passada, que foi de 96,2 milh\u00f5es de toneladas.<\/p>\n<p>Para arroz, feij\u00e3o e algod\u00e3o, a estimativa tamb\u00e9m \u00e9 de recuo na produ\u00e7\u00e3o total, por causa da redu\u00e7\u00e3o na \u00e1rea plantada e pela estiagem ocorrida no per\u00edodo. Entre as culturas de inverno, o trigo \u00e9 destaque, com uma produ\u00e7\u00e3o de 5,9 milh\u00f5es de toneladas, 6,3% superior \u00e0 safra anterior, que chegou a 5,5 milh\u00f5es.<\/p>\n<p>O estudo da Conab mostra, ainda, que a \u00e1rea cultivada de gr\u00e3os em todo o pa\u00eds deve chegar a 58,2 milh\u00f5es de hectares, o que representa um aumento de 0,4% em rela\u00e7\u00e3o \u00e0 safra 2014\/2015, quando foram cultivados 57,9 milh\u00f5es.<\/p>\n<p>Da Ag\u00eancia Brasil<br \/>\n Edi\u00e7\u00e3o: Maria Claudia<br \/>\n10\/06\/2016<\/p>\n","protected":false},"excerpt":{"rendered":"<p>A produ\u00e7\u00e3o brasileira de gr\u00e3os deve chegar a 196,5 milh\u00f5es de toneladas na safra 2015\/2016. O volume representa uma redu\u00e7\u00e3o de 5,4%, ou 11,2 milh\u00f5es de toneladas a menos do que a safra anterior, que foi de 207,7 milh\u00f5es. As estimativas est\u00e3o no nono levantamento da safra, divulgado pela Companhia Nacional de Abastecimento (Conab). Segundo [&hellip;]<\/p>\n","protected":false},"author":2,"featured_media":57583,"comment_status":"open","ping_status":"closed","sticky":false,"template":"","format":"standard","meta":{"_genesis_hide_title":false,"_genesis_hide_breadcrumbs":false,"_genesis_hide_singular_image":false,"_genesis_hide_footer_widgets":false,"_genesis_custom_body_class":"","_genesis_custom_post_class":"","_genesis_layout":"","_jetpack_memberships_contains_paid_content":false,"footnotes":""},"categories":[22,7],"tags":[],"class_list":{"0":"post-87905","1":"post","2":"type-post","3":"status-publish","4":"format-standard","5":"has-post-thumbnail","7":"category-brasil","8":"category-economia","9":"entry","10":"gs-1","11":"gs-odd","12":"gs-even","13":"gs-featured-content-entry"},"jetpack_featured_media_url":"https:\/\/www.redenoticia.com.br\/noticia\/imagens\/economia-grafico.jpg","jetpack_sharing_enabled":true,"jetpack_likes_enabled":true,"_links":{"self":[{"href":"https:\/\/www.redenoticia.com.br\/noticia\/wp-json\/wp\/v2\/posts\/87905","targetHints":{"allow":["GET"]}}],"collection":[{"href":"https:\/\/www.redenoticia.com.br\/noticia\/wp-json\/wp\/v2\/posts"}],"about":[{"href":"https:\/\/www.redenoticia.com.br\/noticia\/wp-json\/wp\/v2\/types\/post"}],"author":[{"embeddable":true,"href":"https:\/\/www.redenoticia.com.br\/noticia\/wp-json\/wp\/v2\/users\/2"}],"replies":[{"embeddable":true,"href":"https:\/\/www.redenoticia.com.br\/noticia\/wp-json\/wp\/v2\/comments?post=87905"}],"version-history":[{"count":0,"href":"https:\/\/www.redenoticia.com.br\/noticia\/wp-json\/wp\/v2\/posts\/87905\/revisions"}],"wp:featuredmedia":[{"embeddable":true,"href":"https:\/\/www.redenoticia.com.br\/noticia\/wp-json\/wp\/v2\/media\/57583"}],"wp:attachment":[{"href":"https:\/\/www.redenoticia.com.br\/noticia\/wp-json\/wp\/v2\/media?parent=87905"}],"wp:term":[{"taxonomy":"category","embeddable":true,"href":"https:\/\/www.redenoticia.com.br\/noticia\/wp-json\/wp\/v2\/categories?post=87905"},{"taxonomy":"post_tag","embeddable":true,"href":"https:\/\/www.redenoticia.com.br\/noticia\/wp-json\/wp\/v2\/tags?post=87905"}],"curies":[{"name":"wp","href":"https:\/\/api.w.org\/{rel}","templated":true}]}}