{"id":87834,"date":"2016-06-09T10:45:34","date_gmt":"2016-06-09T13:45:34","guid":{"rendered":"http:\/\/www.redenoticia.com.br\/noticia\/?p=87834"},"modified":"2016-06-08T19:56:46","modified_gmt":"2016-06-08T22:56:46","slug":"fuga-de-dolares-em-maio-chega-a-us-3-bilhoes-diz-banco-central","status":"publish","type":"post","link":"https:\/\/www.redenoticia.com.br\/noticia\/2016\/fuga-de-dolares-em-maio-chega-a-us-3-bilhoes-diz-banco-central\/87834","title":{"rendered":"Fuga de d\u00f3lares em maio chega a US$ 3 bilh\u00f5es, diz Banco Central"},"content":{"rendered":"<p> A retirada de d\u00f3lares no m\u00eas passado superou a entrada em US$ 3 bilh\u00f5es, informou o Banco Central. A <strong><em>fuga de capitais<\/em><\/strong> voltou a ocorrer ap\u00f3s o fluxo cambial ter ficado positivo em US$ 6,5 bilh\u00f5es em abril.<\/p>\n<p>No acumulado do ano, a sa\u00edda de d\u00f3lares superou o ingresso em US$ 7,78 bilh\u00f5es. O valor vai desde 1\u00ba de janeiro at\u00e9 a \u00faltima sexta-feira (3). No mesmo per\u00edodo do ano passado, a conta estava positiva em US$ 16,15 bilh\u00f5es.<\/p>\n<p>O fluxo cambial inclui a diferen\u00e7a entre o ingresso e a retirada de d\u00f3lares tanto no lado comercial como no lado financeiro. No entanto, a conta inclui adiantamentos de contratos cambiais e opera\u00e7\u00f5es de cr\u00e9dito para o com\u00e9rcio exterior, que representam d\u00f3lares que foram contratados, mas n\u00e3o chegaram efetivamente a entrar no pa\u00eds.<\/p>\n<p>A fuga l\u00edquida de d\u00f3lares ajudou a elevar a cota\u00e7\u00e3o da moeda norte-americana de R$ 3,44, no fim de abril, para R$ 3,61, no fim de maio. Por causa da alta do c\u00e2mbio, o Banco Central (BC) registrou preju\u00edzo de R$ 3,05 bilh\u00f5es com as opera\u00e7\u00f5es de interven\u00e7\u00e3o no c\u00e2mbio \u2013 compra e venda de d\u00f3lares no mercado futuro.<\/p>\n<p>De janeiro a maio, o BC teve lucro de R$ 46,92 bilh\u00f5es com as interven\u00e7\u00f5es cambiais por causa da queda do d\u00f3lar no acumulado do ano. Em 2015, quando o d\u00f3lar passou de R$ 2,65 para R$ 3,94, a autoridade monet\u00e1ria tinha registrado perda de R$ 89,66 bilh\u00f5es.<\/p>\n<p>Preju\u00edzos na conta de interven\u00e7\u00f5es cambiais prejudicam as contas p\u00fablicas porque os resultados negativos s\u00e3o incorporados ao juro da d\u00edvida p\u00fablica. Por outro lado, lucros nas opera\u00e7\u00f5es de swap reduzem os juros que o governo federal \u00e9 obrigado a pagar.<\/p>\n<p>Wellton M\u00e1ximo \u2013 Rep\u00f3rter da Ag\u00eancia Brasil<br \/>\nEdi\u00e7\u00e3o: N\u00e1dia Franco<br \/>\n09\/06\/2016<\/p>\n","protected":false},"excerpt":{"rendered":"<p>A retirada de d\u00f3lares no m\u00eas passado superou a entrada em US$ 3 bilh\u00f5es, informou o Banco Central. A fuga de capitais voltou a ocorrer ap\u00f3s o fluxo cambial ter ficado positivo em US$ 6,5 bilh\u00f5es em abril. No acumulado do ano, a sa\u00edda de d\u00f3lares superou o ingresso em US$ 7,78 bilh\u00f5es. O valor [&hellip;]<\/p>\n","protected":false},"author":2,"featured_media":57583,"comment_status":"open","ping_status":"closed","sticky":false,"template":"","format":"standard","meta":{"_genesis_hide_title":false,"_genesis_hide_breadcrumbs":false,"_genesis_hide_singular_image":false,"_genesis_hide_footer_widgets":false,"_genesis_custom_body_class":"","_genesis_custom_post_class":"","_genesis_layout":"","_jetpack_memberships_contains_paid_content":false,"footnotes":""},"categories":[22,7],"tags":[],"class_list":{"0":"post-87834","1":"post","2":"type-post","3":"status-publish","4":"format-standard","5":"has-post-thumbnail","7":"category-brasil","8":"category-economia","9":"entry","10":"gs-1","11":"gs-odd","12":"gs-even","13":"gs-featured-content-entry"},"jetpack_featured_media_url":"https:\/\/www.redenoticia.com.br\/noticia\/imagens\/economia-grafico.jpg","jetpack_sharing_enabled":true,"jetpack_likes_enabled":true,"_links":{"self":[{"href":"https:\/\/www.redenoticia.com.br\/noticia\/wp-json\/wp\/v2\/posts\/87834","targetHints":{"allow":["GET"]}}],"collection":[{"href":"https:\/\/www.redenoticia.com.br\/noticia\/wp-json\/wp\/v2\/posts"}],"about":[{"href":"https:\/\/www.redenoticia.com.br\/noticia\/wp-json\/wp\/v2\/types\/post"}],"author":[{"embeddable":true,"href":"https:\/\/www.redenoticia.com.br\/noticia\/wp-json\/wp\/v2\/users\/2"}],"replies":[{"embeddable":true,"href":"https:\/\/www.redenoticia.com.br\/noticia\/wp-json\/wp\/v2\/comments?post=87834"}],"version-history":[{"count":0,"href":"https:\/\/www.redenoticia.com.br\/noticia\/wp-json\/wp\/v2\/posts\/87834\/revisions"}],"wp:featuredmedia":[{"embeddable":true,"href":"https:\/\/www.redenoticia.com.br\/noticia\/wp-json\/wp\/v2\/media\/57583"}],"wp:attachment":[{"href":"https:\/\/www.redenoticia.com.br\/noticia\/wp-json\/wp\/v2\/media?parent=87834"}],"wp:term":[{"taxonomy":"category","embeddable":true,"href":"https:\/\/www.redenoticia.com.br\/noticia\/wp-json\/wp\/v2\/categories?post=87834"},{"taxonomy":"post_tag","embeddable":true,"href":"https:\/\/www.redenoticia.com.br\/noticia\/wp-json\/wp\/v2\/tags?post=87834"}],"curies":[{"name":"wp","href":"https:\/\/api.w.org\/{rel}","templated":true}]}}