{"id":87832,"date":"2016-06-09T10:36:06","date_gmt":"2016-06-09T13:36:06","guid":{"rendered":"http:\/\/www.redenoticia.com.br\/noticia\/?p=87832"},"modified":"2016-06-08T19:55:08","modified_gmt":"2016-06-08T22:55:08","slug":"custo-da-construcao-civil-tem-alta-de-083-em-maio-diz-ibge","status":"publish","type":"post","link":"https:\/\/www.redenoticia.com.br\/noticia\/2016\/custo-da-construcao-civil-tem-alta-de-083-em-maio-diz-ibge\/87832","title":{"rendered":"Custo da constru\u00e7\u00e3o civil tem alta de 0,83% em maio, diz IBGE"},"content":{"rendered":"<p> O \u00cdndice Nacional da Constru\u00e7\u00e3o Civil (Sinapi) subiu 0,83% em maio, resultado 0,37 ponto percentual superior \u00e0 taxa de abril (0,46%). Os dados foram divulgados pelo Instituto Brasileiro de Geografia e Estat\u00edstica (IBGE).<\/p>\n<p>Com a alta de maio, os custos da constru\u00e7\u00e3o acumularam alta de 6,68% nos \u00faltimos 12 meses (a taxa anualizada), comparativamente aos 12 meses imediatamente anteriores. Esse percentual, no entanto, \u00e9 inferior \u00e0 alta registrada no per\u00edodo de 12 meses anteriores, que foi de 7,14%. Em maio de 2015, o \u00edndice havia subido 1,26%.<\/p>\n<p>Com a alta de maio, na compara\u00e7\u00e3o com abril, o custo nacional da constru\u00e7\u00e3o por metro quadrado passou de R$ 989,37 para R$ 997,6, dos quais R$ 527,68 dizem respeito aos materiais (aumento de 0,17%) e R$ 469,92, \u00e0 m\u00e3o de obra (alta de 1,58%).<\/p>\n<p>De janeiro a maio, os materiais acumulam alta de 25%, enquanto a m\u00e3o de obra registra infla\u00e7\u00e3o de 5,03%. Em 12 meses, o custo da m\u00e3o de obra subiu 9,22% e o dos materiais, 4,50%.<\/p>\n<p>Nielmar de Oliveira &#8211; Rep\u00f3rter da Ag\u00eancia Brasil<br \/>\nEdi\u00e7\u00e3o: Juliana Andrade<br \/>\n09\/06\/2016<br \/>\n&#8212;<br \/>\nA Empresa Brasil de Comunica\u00e7\u00e3o \u00e9 uma institui\u00e7\u00e3o da democracia brasileira: p\u00fablica, inclusiva e cidad\u00e3.  Criada em 2007 para fortalecer o sistema p\u00fablico de comunica\u00e7\u00e3o, \u00e9 gestora dos canais TV Brasil, TV Brasil Internacional, Ag\u00eancia Brasil, Radioag\u00eancia Nacional e do sistema p\u00fablico de R\u00e1dio \u2013 composto por oito emissoras. Estes, por sua independ\u00eancia editorial, distinguem-se dos canais estatais ou governamentais, com conte\u00fados diferenciados e complementares aos canais privados. Os ve\u00edculos da EBC t\u00eam autonomia para definir produ\u00e7\u00e3o, programa\u00e7\u00e3o e distribui\u00e7\u00e3o de conte\u00fados.<\/p>\n","protected":false},"excerpt":{"rendered":"<p>O \u00cdndice Nacional da Constru\u00e7\u00e3o Civil (Sinapi) subiu 0,83% em maio, resultado 0,37 ponto percentual superior \u00e0 taxa de abril (0,46%). Os dados foram divulgados pelo Instituto Brasileiro de Geografia e Estat\u00edstica (IBGE). Com a alta de maio, os custos da constru\u00e7\u00e3o acumularam alta de 6,68% nos \u00faltimos 12 meses (a taxa anualizada), comparativamente aos [&hellip;]<\/p>\n","protected":false},"author":2,"featured_media":57585,"comment_status":"open","ping_status":"closed","sticky":false,"template":"","format":"standard","meta":{"_genesis_hide_title":false,"_genesis_hide_breadcrumbs":false,"_genesis_hide_singular_image":false,"_genesis_hide_footer_widgets":false,"_genesis_custom_body_class":"","_genesis_custom_post_class":"","_genesis_layout":"","_jetpack_memberships_contains_paid_content":false,"footnotes":""},"categories":[22,7],"tags":[],"class_list":{"0":"post-87832","1":"post","2":"type-post","3":"status-publish","4":"format-standard","5":"has-post-thumbnail","7":"category-brasil","8":"category-economia","9":"entry","10":"gs-1","11":"gs-odd","12":"gs-even","13":"gs-featured-content-entry"},"jetpack_featured_media_url":"https:\/\/www.redenoticia.com.br\/noticia\/imagens\/analise-economia.jpg","jetpack_sharing_enabled":true,"jetpack_likes_enabled":true,"_links":{"self":[{"href":"https:\/\/www.redenoticia.com.br\/noticia\/wp-json\/wp\/v2\/posts\/87832","targetHints":{"allow":["GET"]}}],"collection":[{"href":"https:\/\/www.redenoticia.com.br\/noticia\/wp-json\/wp\/v2\/posts"}],"about":[{"href":"https:\/\/www.redenoticia.com.br\/noticia\/wp-json\/wp\/v2\/types\/post"}],"author":[{"embeddable":true,"href":"https:\/\/www.redenoticia.com.br\/noticia\/wp-json\/wp\/v2\/users\/2"}],"replies":[{"embeddable":true,"href":"https:\/\/www.redenoticia.com.br\/noticia\/wp-json\/wp\/v2\/comments?post=87832"}],"version-history":[{"count":0,"href":"https:\/\/www.redenoticia.com.br\/noticia\/wp-json\/wp\/v2\/posts\/87832\/revisions"}],"wp:featuredmedia":[{"embeddable":true,"href":"https:\/\/www.redenoticia.com.br\/noticia\/wp-json\/wp\/v2\/media\/57585"}],"wp:attachment":[{"href":"https:\/\/www.redenoticia.com.br\/noticia\/wp-json\/wp\/v2\/media?parent=87832"}],"wp:term":[{"taxonomy":"category","embeddable":true,"href":"https:\/\/www.redenoticia.com.br\/noticia\/wp-json\/wp\/v2\/categories?post=87832"},{"taxonomy":"post_tag","embeddable":true,"href":"https:\/\/www.redenoticia.com.br\/noticia\/wp-json\/wp\/v2\/tags?post=87832"}],"curies":[{"name":"wp","href":"https:\/\/api.w.org\/{rel}","templated":true}]}}