{"id":87753,"date":"2016-06-08T10:12:27","date_gmt":"2016-06-08T13:12:27","guid":{"rendered":"http:\/\/www.redenoticia.com.br\/noticia\/?p=87753"},"modified":"2016-06-07T18:09:23","modified_gmt":"2016-06-07T21:09:23","slug":"igp-di-acelera-e-sobe-077-ponto-percentual","status":"publish","type":"post","link":"https:\/\/www.redenoticia.com.br\/noticia\/2016\/igp-di-acelera-e-sobe-077-ponto-percentual\/87753","title":{"rendered":"IGP-DI acelera e sobe 0,77 ponto percentual"},"content":{"rendered":"<p> Os pre\u00e7os medidos pelo <strong><em>\u00cdndice Geral de Pre\u00e7os<\/em><\/strong> \u2013 Disponibilidade Interna (IGP-DI) fecharam em todo o pa\u00eds com forte acelera\u00e7\u00e3o em maio, ficando em 1,13%, resultado que chega a ser 0,77 ponto percentual em rela\u00e7\u00e3o a alta de abril, que foi de 0, 36%.<\/p>\n<p>Os dados relativos ao IGP-DI foram divulgados pelo Instituto Brasileiro de Economia, da Funda\u00e7\u00e3o Getulio Vargas (Ibre-FGV). Em maio de 2015, a varia\u00e7\u00e3o foi de 0,4%. Com o resultado de maio, a taxa acumulada ao longo do ano \u00e9 de 4,32%, enquanto o indicador anualizado (\u00faltimos 12 meses) acumulou alta de 11,26%, frente a igual per\u00edodo imediatamente anterior.<\/p>\n<p>Segundo dados divulgados pela FGV, a alta do IGP-DI em maio foi influenciada pelos pre\u00e7os ao produtor e ao consumidor. O \u00cdndice de Pre\u00e7os ao Produtor Amplo (IPA) registrou, em maio, varia\u00e7\u00e3o de 1,49%, contra 0,29% de abril. J\u00e1 o \u00cdndice de Pre\u00e7os ao Consumidor (IPC) subiu 0,64% em maio, contra 0,49% de abril.<\/p>\n<p>Eleva\u00e7\u00e3o<\/p>\n<p>Das oito classes de despesas componentes do IPA, quatro apresentaram acr\u00e9scimo em suas taxas de varia\u00e7\u00e3o. O \u00edndice relativo a Bens Finais apresentou varia\u00e7\u00e3o de 0,18%, com forte press\u00e3o dos pre\u00e7os do subgrupo alimentos processados, cuja taxa passou de uma defla\u00e7\u00e3o (infla\u00e7\u00e3o negativa) de -0,77% para 0,31%.<\/p>\n<p>O item Bens Intermedi\u00e1rios apresentou taxa de varia\u00e7\u00e3o de 1,08%, contra defla\u00e7\u00e3o de -0,60%, no m\u00eas anterior e o segmento Mat\u00e9rias-Primas Brutas, que em abril fechou em alta de 1,77%, em maio saltou para 3,58%.<\/p>\n<p>O \u00cdndice de Pre\u00e7os ao Consumidor (IPC) registrou varia\u00e7\u00e3o de 0,64% em maio, ante 0,49% em abril. Quatro das oito classes de despesa componentes do \u00edndice apresentaram acr\u00e9scimo em suas taxas de varia\u00e7\u00e3o. A contribui\u00e7\u00e3o de maior magnitude para o avan\u00e7o da taxa do IPC partiu do grupo Habita\u00e7\u00e3o (-0,29% para 0,77%).<\/p>\n<p>A \u00fanica exce\u00e7\u00e3o ficou com os pre\u00e7os da constru\u00e7\u00e3o civil. O \u00cdndice Nacional de Custo da Constru\u00e7\u00e3o (INCC) registrou, em maio, taxa de varia\u00e7\u00e3o de 0,08%, resultado bem abaixo de 0,55% de abril.<\/p>\n<p>Nielmar de Oliveira &#8211; Rep\u00f3rter da Ag\u00eancia Brasil<br \/>\nEdi\u00e7\u00e3o: Kleber Sampaio<br \/>\n08\/06\/2016 <\/p>\n","protected":false},"excerpt":{"rendered":"<p>Os pre\u00e7os medidos pelo \u00cdndice Geral de Pre\u00e7os \u2013 Disponibilidade Interna (IGP-DI) fecharam em todo o pa\u00eds com forte acelera\u00e7\u00e3o em maio, ficando em 1,13%, resultado que chega a ser 0,77 ponto percentual em rela\u00e7\u00e3o a alta de abril, que foi de 0, 36%. Os dados relativos ao IGP-DI foram divulgados pelo Instituto Brasileiro de [&hellip;]<\/p>\n","protected":false},"author":2,"featured_media":57583,"comment_status":"open","ping_status":"closed","sticky":false,"template":"","format":"standard","meta":{"_genesis_hide_title":false,"_genesis_hide_breadcrumbs":false,"_genesis_hide_singular_image":false,"_genesis_hide_footer_widgets":false,"_genesis_custom_body_class":"","_genesis_custom_post_class":"","_genesis_layout":"","_jetpack_memberships_contains_paid_content":false,"footnotes":""},"categories":[22,7],"tags":[],"class_list":{"0":"post-87753","1":"post","2":"type-post","3":"status-publish","4":"format-standard","5":"has-post-thumbnail","7":"category-brasil","8":"category-economia","9":"entry","10":"gs-1","11":"gs-odd","12":"gs-even","13":"gs-featured-content-entry"},"jetpack_featured_media_url":"https:\/\/www.redenoticia.com.br\/noticia\/imagens\/economia-grafico.jpg","jetpack_sharing_enabled":true,"jetpack_likes_enabled":true,"_links":{"self":[{"href":"https:\/\/www.redenoticia.com.br\/noticia\/wp-json\/wp\/v2\/posts\/87753","targetHints":{"allow":["GET"]}}],"collection":[{"href":"https:\/\/www.redenoticia.com.br\/noticia\/wp-json\/wp\/v2\/posts"}],"about":[{"href":"https:\/\/www.redenoticia.com.br\/noticia\/wp-json\/wp\/v2\/types\/post"}],"author":[{"embeddable":true,"href":"https:\/\/www.redenoticia.com.br\/noticia\/wp-json\/wp\/v2\/users\/2"}],"replies":[{"embeddable":true,"href":"https:\/\/www.redenoticia.com.br\/noticia\/wp-json\/wp\/v2\/comments?post=87753"}],"version-history":[{"count":0,"href":"https:\/\/www.redenoticia.com.br\/noticia\/wp-json\/wp\/v2\/posts\/87753\/revisions"}],"wp:featuredmedia":[{"embeddable":true,"href":"https:\/\/www.redenoticia.com.br\/noticia\/wp-json\/wp\/v2\/media\/57583"}],"wp:attachment":[{"href":"https:\/\/www.redenoticia.com.br\/noticia\/wp-json\/wp\/v2\/media?parent=87753"}],"wp:term":[{"taxonomy":"category","embeddable":true,"href":"https:\/\/www.redenoticia.com.br\/noticia\/wp-json\/wp\/v2\/categories?post=87753"},{"taxonomy":"post_tag","embeddable":true,"href":"https:\/\/www.redenoticia.com.br\/noticia\/wp-json\/wp\/v2\/tags?post=87753"}],"curies":[{"name":"wp","href":"https:\/\/api.w.org\/{rel}","templated":true}]}}